{"id":134,"date":"2012-05-31T08:55:00","date_gmt":"2012-05-31T08:55:00","guid":{"rendered":"https:\/\/development.skcentar.edu.rs\/index.php\/2012\/05\/31\/republicko-takmicenje-u-znanju-i-vestinama\/"},"modified":"2012-05-31T08:55:00","modified_gmt":"2012-05-31T08:55:00","slug":"republicko-takmicenje-u-znanju-i-vestinama","status":"publish","type":"post","link":"https:\/\/development.skcentar.edu.rs\/index.php\/2012\/05\/31\/republicko-takmicenje-u-znanju-i-vestinama\/","title":{"rendered":"Republi\u010dko takmi\u010denje u znanju i ve\u0161tinama"},"content":{"rendered":"<p><img loading=\"lazy\" decoding=\"async\" class=\" size-full wp-image-129\" src=\"https:\/\/development.skcentar.edu.rs\/wp-content\/uploads\/2012\/05\/znanje.jpg\" border=\"0\" width=\"599\" height=\"230\" srcset=\"https:\/\/development.skcentar.edu.rs\/wp-content\/uploads\/2012\/05\/znanje.jpg 599w, https:\/\/development.skcentar.edu.rs\/wp-content\/uploads\/2012\/05\/znanje-300x115.jpg 300w\" sizes=\"auto, (max-width: 599px) 100vw, 599px\" \/>31. maja i 1. juna 2012. godine, u Beogradu je odr\u017eano republi\u010dko takmi\u010denje u znanju i ve\u0161tinama u\u010denika VII \u2013ih razreda svih \u0161kola za slu\u0161no o\u0161te\u0107enu decu.<\/p>\n<p>\u00a0Iz na\u0161e \u0161kole su se takmi\u010dila 3 u\u010denika i postigli su zavidne rezultate:<\/p>\n<p><strong>\u0160imonkovi\u0107 Emilija<\/strong> \u2013I mesto (geografija)<\/p>\n<p>II mesto (likovna kultura)<\/p>\n<p><strong>Kova\u010d Adriana<\/strong> -II mesto (hemija)<\/p>\n<p><strong>Heka Jo\u017eef<\/strong> -III mesto (biologija)<\/p>\n<p><!--more--><\/p>\n<p>\u00a0{webgallery} <img loading=\"lazy\" decoding=\"async\" class=\" size-full wp-image-130\" src=\"https:\/\/development.skcentar.edu.rs\/wp-content\/uploads\/2012\/05\/znanje1.jpg\" border=\"0\" width=\"801\" height=\"600\" srcset=\"https:\/\/development.skcentar.edu.rs\/wp-content\/uploads\/2012\/05\/znanje1.jpg 801w, https:\/\/development.skcentar.edu.rs\/wp-content\/uploads\/2012\/05\/znanje1-300x225.jpg 300w, https:\/\/development.skcentar.edu.rs\/wp-content\/uploads\/2012\/05\/znanje1-768x575.jpg 768w\" sizes=\"auto, (max-width: 801px) 100vw, 801px\" \/> <img loading=\"lazy\" decoding=\"async\" class=\" size-full wp-image-131\" src=\"https:\/\/development.skcentar.edu.rs\/wp-content\/uploads\/2012\/05\/znanje2.jpg\" border=\"0\" width=\"801\" height=\"600\" srcset=\"https:\/\/development.skcentar.edu.rs\/wp-content\/uploads\/2012\/05\/znanje2.jpg 801w, https:\/\/development.skcentar.edu.rs\/wp-content\/uploads\/2012\/05\/znanje2-300x225.jpg 300w, https:\/\/development.skcentar.edu.rs\/wp-content\/uploads\/2012\/05\/znanje2-768x575.jpg 768w\" sizes=\"auto, (max-width: 801px) 100vw, 801px\" \/> <img loading=\"lazy\" decoding=\"async\" class=\" size-full wp-image-132\" src=\"https:\/\/development.skcentar.edu.rs\/wp-content\/uploads\/2012\/05\/znanje3.jpg\" border=\"0\" width=\"801\" height=\"600\" srcset=\"https:\/\/development.skcentar.edu.rs\/wp-content\/uploads\/2012\/05\/znanje3.jpg 801w, https:\/\/development.skcentar.edu.rs\/wp-content\/uploads\/2012\/05\/znanje3-300x225.jpg 300w, https:\/\/development.skcentar.edu.rs\/wp-content\/uploads\/2012\/05\/znanje3-768x575.jpg 768w\" sizes=\"auto, (max-width: 801px) 100vw, 801px\" \/> <img loading=\"lazy\" decoding=\"async\" class=\" size-full wp-image-133\" src=\"https:\/\/development.skcentar.edu.rs\/wp-content\/uploads\/2012\/05\/znanje4.jpg\" border=\"0\" width=\"801\" height=\"600\" srcset=\"https:\/\/development.skcentar.edu.rs\/wp-content\/uploads\/2012\/05\/znanje4.jpg 801w, https:\/\/development.skcentar.edu.rs\/wp-content\/uploads\/2012\/05\/znanje4-300x225.jpg 300w, https:\/\/development.skcentar.edu.rs\/wp-content\/uploads\/2012\/05\/znanje4-768x575.jpg 768w\" sizes=\"auto, (max-width: 801px) 100vw, 801px\" \/> {\/webgallery}<\/p>\n","protected":false},"excerpt":{"rendered":"<p>31. maja i 1. juna 2012. godine, u Beogradu je odr\u017eano republi\u010dko takmi\u010denje u znanju i ve\u0161tinama u\u010denika VII \u2013ih razreda svih \u0161kola za slu\u0161no o\u0161te\u0107enu decu. \u00a0Iz na\u0161e \u0161kole su se takmi\u010dila 3 u\u010denika i postigli su zavidne rezultate: \u0160imonkovi\u0107 Emilija \u2013I mesto (geografija) II mesto (likovna kultura) Kova\u010d Adriana -II mesto (hemija) Heka [&hellip;]<\/p>\n","protected":false},"author":1,"featured_media":129,"comment_status":"open","ping_status":"open","sticky":true,"template":"","format":"standard","meta":{"footnotes":""},"categories":[7],"tags":[],"class_list":["post-134","post","type-post","status-publish","format-standard","has-post-thumbnail","hentry","category-aktuelno"],"_links":{"self":[{"href":"https:\/\/development.skcentar.edu.rs\/index.php\/wp-json\/wp\/v2\/posts\/134","targetHints":{"allow":["GET"]}}],"collection":[{"href":"https:\/\/development.skcentar.edu.rs\/index.php\/wp-json\/wp\/v2\/posts"}],"about":[{"href":"https:\/\/development.skcentar.edu.rs\/index.php\/wp-json\/wp\/v2\/types\/post"}],"author":[{"embeddable":true,"href":"https:\/\/development.skcentar.edu.rs\/index.php\/wp-json\/wp\/v2\/users\/1"}],"replies":[{"embeddable":true,"href":"https:\/\/development.skcentar.edu.rs\/index.php\/wp-json\/wp\/v2\/comments?post=134"}],"version-history":[{"count":0,"href":"https:\/\/development.skcentar.edu.rs\/index.php\/wp-json\/wp\/v2\/posts\/134\/revisions"}],"wp:featuredmedia":[{"embeddable":true,"href":"https:\/\/development.skcentar.edu.rs\/index.php\/wp-json\/wp\/v2\/media\/129"}],"wp:attachment":[{"href":"https:\/\/development.skcentar.edu.rs\/index.php\/wp-json\/wp\/v2\/media?parent=134"}],"wp:term":[{"taxonomy":"category","embeddable":true,"href":"https:\/\/development.skcentar.edu.rs\/index.php\/wp-json\/wp\/v2\/categories?post=134"},{"taxonomy":"post_tag","embeddable":true,"href":"https:\/\/development.skcentar.edu.rs\/index.php\/wp-json\/wp\/v2\/tags?post=134"}],"curies":[{"name":"wp","href":"https:\/\/api.w.org\/{rel}","templated":true}]}}