{"id":156,"date":"2012-09-20T08:55:00","date_gmt":"2012-09-20T08:55:00","guid":{"rendered":"https:\/\/development.skcentar.edu.rs\/index.php\/2012\/09\/20\/i-ruke-govore\/"},"modified":"2012-09-20T08:55:00","modified_gmt":"2012-09-20T08:55:00","slug":"i-ruke-govore","status":"publish","type":"post","link":"https:\/\/development.skcentar.edu.rs\/index.php\/2012\/09\/20\/i-ruke-govore\/","title":{"rendered":"\u201eI RUKE GOVORE\u201c"},"content":{"rendered":"<p><img loading=\"lazy\" decoding=\"async\" class=\" size-full wp-image-146\" src=\"https:\/\/development.skcentar.edu.rs\/wp-content\/uploads\/2012\/09\/karavan0.jpg\" border=\"0\" width=\"599\" height=\"230\" srcset=\"https:\/\/development.skcentar.edu.rs\/wp-content\/uploads\/2012\/09\/karavan0.jpg 599w, https:\/\/development.skcentar.edu.rs\/wp-content\/uploads\/2012\/09\/karavan0-300x115.jpg 300w\" sizes=\"auto, (max-width: 599px) 100vw, 599px\" \/>U sklopu turneje kojom je obuhva\u0107eno 24 grada u Srbiji, <strong>karavan promocije srpskog znakovnog jezika za gluva lica<\/strong> pod nazivom \u201eI RUKE GOVORE\u201c obi\u0161ao je Suboticu 20. septembra 2012. Tom prilikom je ispred Gradske ku\u0107e odr\u017ean prikladan program u kojem su, u\u010destvovali i u\u010denici \u0160kolskog centra za vaspitanje i obrazovanje slu\u0161no o\u0161te\u0107enih lica \u2013 Subotica. Gostima se prvo predstavila na\u0161a najmla\u0111a grupa dece koja je plesala uz de\u010dije pesme i svojom koreografijom zadivila prisutne, a potom i stariji u\u010denici koji su gestovnim jezikom \u201eotpevali\u201c pesmu \u017deljka Joksimovi\u0107a. Sve prisutne su pozdravili dr Atila \u010cengeri, pokrajinski sekretar za zdravstvo, Miroslav Jovanovi\u0107, predsednik Saveza gluvih Srbije, Radoje Kujovi\u0107, sekretar Saveza gluvih, kao i Milorad Mrvi\u0107, direktor \u0160kolskog centra za vaspitanje i obrazovanje slu\u0161no o\u0161te\u0107enih lica.\u00a0<\/p>\n<p><!--more--><\/p>\n<p>Kampanja je deo projekta koji realizuju Sektor za za\u0161titu osoba sa invaliditetom u Ministarstvu rada i socijalne politike i Savez gluvih i nagluvih Srbije, a njen cilj je (pored popularizacije znakovnog jezika) dono\u0161enje Zakona o priznavanju znakovnog jezika gluvih lica u Srbiji.\u00a0<\/p>\n<p>\u00a0{webgallery} <img loading=\"lazy\" decoding=\"async\" class=\" size-full wp-image-147\" src=\"https:\/\/development.skcentar.edu.rs\/wp-content\/uploads\/2012\/09\/karavan1.jpg\" border=\"0\" width=\"801\" height=\"600\" srcset=\"https:\/\/development.skcentar.edu.rs\/wp-content\/uploads\/2012\/09\/karavan1.jpg 801w, https:\/\/development.skcentar.edu.rs\/wp-content\/uploads\/2012\/09\/karavan1-300x225.jpg 300w, https:\/\/development.skcentar.edu.rs\/wp-content\/uploads\/2012\/09\/karavan1-768x575.jpg 768w\" sizes=\"auto, (max-width: 801px) 100vw, 801px\" \/> <img loading=\"lazy\" decoding=\"async\" class=\" size-full wp-image-148\" src=\"https:\/\/development.skcentar.edu.rs\/wp-content\/uploads\/2012\/09\/karavan2.jpg\" border=\"0\" width=\"801\" height=\"600\" srcset=\"https:\/\/development.skcentar.edu.rs\/wp-content\/uploads\/2012\/09\/karavan2.jpg 801w, https:\/\/development.skcentar.edu.rs\/wp-content\/uploads\/2012\/09\/karavan2-300x225.jpg 300w, https:\/\/development.skcentar.edu.rs\/wp-content\/uploads\/2012\/09\/karavan2-768x575.jpg 768w\" sizes=\"auto, (max-width: 801px) 100vw, 801px\" \/> <img loading=\"lazy\" decoding=\"async\" class=\" size-full wp-image-149\" src=\"https:\/\/development.skcentar.edu.rs\/wp-content\/uploads\/2012\/09\/karavan3.jpg\" border=\"0\" width=\"801\" height=\"600\" srcset=\"https:\/\/development.skcentar.edu.rs\/wp-content\/uploads\/2012\/09\/karavan3.jpg 801w, https:\/\/development.skcentar.edu.rs\/wp-content\/uploads\/2012\/09\/karavan3-300x225.jpg 300w, https:\/\/development.skcentar.edu.rs\/wp-content\/uploads\/2012\/09\/karavan3-768x575.jpg 768w\" sizes=\"auto, (max-width: 801px) 100vw, 801px\" \/> <img loading=\"lazy\" decoding=\"async\" class=\" size-full wp-image-150\" src=\"https:\/\/development.skcentar.edu.rs\/wp-content\/uploads\/2012\/09\/karavan4.jpg\" border=\"0\" width=\"801\" height=\"600\" srcset=\"https:\/\/development.skcentar.edu.rs\/wp-content\/uploads\/2012\/09\/karavan4.jpg 801w, https:\/\/development.skcentar.edu.rs\/wp-content\/uploads\/2012\/09\/karavan4-300x225.jpg 300w, https:\/\/development.skcentar.edu.rs\/wp-content\/uploads\/2012\/09\/karavan4-768x575.jpg 768w\" sizes=\"auto, (max-width: 801px) 100vw, 801px\" \/> <img loading=\"lazy\" decoding=\"async\" class=\" size-full wp-image-151\" src=\"https:\/\/development.skcentar.edu.rs\/wp-content\/uploads\/2012\/09\/karavan5.jpg\" border=\"0\" width=\"451\" height=\"600\" srcset=\"https:\/\/development.skcentar.edu.rs\/wp-content\/uploads\/2012\/09\/karavan5.jpg 451w, https:\/\/development.skcentar.edu.rs\/wp-content\/uploads\/2012\/09\/karavan5-226x300.jpg 226w\" sizes=\"auto, (max-width: 451px) 100vw, 451px\" \/> <img loading=\"lazy\" decoding=\"async\" class=\" size-full wp-image-152\" src=\"https:\/\/development.skcentar.edu.rs\/wp-content\/uploads\/2012\/09\/karavan6.jpg\" border=\"0\" width=\"801\" height=\"600\" srcset=\"https:\/\/development.skcentar.edu.rs\/wp-content\/uploads\/2012\/09\/karavan6.jpg 801w, https:\/\/development.skcentar.edu.rs\/wp-content\/uploads\/2012\/09\/karavan6-300x225.jpg 300w, https:\/\/development.skcentar.edu.rs\/wp-content\/uploads\/2012\/09\/karavan6-768x575.jpg 768w\" sizes=\"auto, (max-width: 801px) 100vw, 801px\" \/> <img loading=\"lazy\" decoding=\"async\" class=\" size-full wp-image-153\" src=\"https:\/\/development.skcentar.edu.rs\/wp-content\/uploads\/2012\/09\/karavan7.jpg\" border=\"0\" width=\"801\" height=\"600\" srcset=\"https:\/\/development.skcentar.edu.rs\/wp-content\/uploads\/2012\/09\/karavan7.jpg 801w, https:\/\/development.skcentar.edu.rs\/wp-content\/uploads\/2012\/09\/karavan7-300x225.jpg 300w, https:\/\/development.skcentar.edu.rs\/wp-content\/uploads\/2012\/09\/karavan7-768x575.jpg 768w\" sizes=\"auto, (max-width: 801px) 100vw, 801px\" \/> <img loading=\"lazy\" decoding=\"async\" class=\" size-full wp-image-154\" src=\"https:\/\/development.skcentar.edu.rs\/wp-content\/uploads\/2012\/09\/karavan8.jpg\" border=\"0\" width=\"801\" height=\"600\" srcset=\"https:\/\/development.skcentar.edu.rs\/wp-content\/uploads\/2012\/09\/karavan8.jpg 801w, https:\/\/development.skcentar.edu.rs\/wp-content\/uploads\/2012\/09\/karavan8-300x225.jpg 300w, https:\/\/development.skcentar.edu.rs\/wp-content\/uploads\/2012\/09\/karavan8-768x575.jpg 768w\" sizes=\"auto, (max-width: 801px) 100vw, 801px\" \/> <img loading=\"lazy\" decoding=\"async\" class=\" size-full wp-image-155\" src=\"https:\/\/development.skcentar.edu.rs\/wp-content\/uploads\/2012\/09\/karavan9.jpg\" border=\"0\" width=\"801\" height=\"600\" srcset=\"https:\/\/development.skcentar.edu.rs\/wp-content\/uploads\/2012\/09\/karavan9.jpg 801w, https:\/\/development.skcentar.edu.rs\/wp-content\/uploads\/2012\/09\/karavan9-300x225.jpg 300w, https:\/\/development.skcentar.edu.rs\/wp-content\/uploads\/2012\/09\/karavan9-768x575.jpg 768w\" sizes=\"auto, (max-width: 801px) 100vw, 801px\" \/>{\/webgallery}<\/p>\n","protected":false},"excerpt":{"rendered":"<p>U sklopu turneje kojom je obuhva\u0107eno 24 grada u Srbiji, karavan promocije srpskog znakovnog jezika za gluva lica pod nazivom \u201eI RUKE GOVORE\u201c obi\u0161ao je Suboticu 20. septembra 2012. Tom prilikom je ispred Gradske ku\u0107e odr\u017ean prikladan program u kojem su, u\u010destvovali i u\u010denici \u0160kolskog centra za vaspitanje i obrazovanje slu\u0161no o\u0161te\u0107enih lica \u2013 Subotica. [&hellip;]<\/p>\n","protected":false},"author":1,"featured_media":146,"comment_status":"open","ping_status":"open","sticky":true,"template":"","format":"standard","meta":{"footnotes":""},"categories":[7],"tags":[],"class_list":["post-156","post","type-post","status-publish","format-standard","has-post-thumbnail","hentry","category-aktuelno"],"_links":{"self":[{"href":"https:\/\/development.skcentar.edu.rs\/index.php\/wp-json\/wp\/v2\/posts\/156","targetHints":{"allow":["GET"]}}],"collection":[{"href":"https:\/\/development.skcentar.edu.rs\/index.php\/wp-json\/wp\/v2\/posts"}],"about":[{"href":"https:\/\/development.skcentar.edu.rs\/index.php\/wp-json\/wp\/v2\/types\/post"}],"author":[{"embeddable":true,"href":"https:\/\/development.skcentar.edu.rs\/index.php\/wp-json\/wp\/v2\/users\/1"}],"replies":[{"embeddable":true,"href":"https:\/\/development.skcentar.edu.rs\/index.php\/wp-json\/wp\/v2\/comments?post=156"}],"version-history":[{"count":0,"href":"https:\/\/development.skcentar.edu.rs\/index.php\/wp-json\/wp\/v2\/posts\/156\/revisions"}],"wp:featuredmedia":[{"embeddable":true,"href":"https:\/\/development.skcentar.edu.rs\/index.php\/wp-json\/wp\/v2\/media\/146"}],"wp:attachment":[{"href":"https:\/\/development.skcentar.edu.rs\/index.php\/wp-json\/wp\/v2\/media?parent=156"}],"wp:term":[{"taxonomy":"category","embeddable":true,"href":"https:\/\/development.skcentar.edu.rs\/index.php\/wp-json\/wp\/v2\/categories?post=156"},{"taxonomy":"post_tag","embeddable":true,"href":"https:\/\/development.skcentar.edu.rs\/index.php\/wp-json\/wp\/v2\/tags?post=156"}],"curies":[{"name":"wp","href":"https:\/\/api.w.org\/{rel}","templated":true}]}}