{"id":163,"date":"2012-09-29T08:55:00","date_gmt":"2012-09-29T08:55:00","guid":{"rendered":"https:\/\/development.skcentar.edu.rs\/index.php\/2012\/09\/29\/cuti-i-razumeti\/"},"modified":"2012-09-29T08:55:00","modified_gmt":"2012-09-29T08:55:00","slug":"cuti-i-razumeti","status":"publish","type":"post","link":"https:\/\/development.skcentar.edu.rs\/index.php\/2012\/09\/29\/cuti-i-razumeti\/","title":{"rendered":"\u201e\u010cuti i razumeti\u201c"},"content":{"rendered":"<p><img loading=\"lazy\" decoding=\"async\" class=\" size-full wp-image-157\" src=\"https:\/\/development.skcentar.edu.rs\/wp-content\/uploads\/2012\/09\/zoo0.jpg\" border=\"0\" width=\"599\" height=\"230\" srcset=\"https:\/\/development.skcentar.edu.rs\/wp-content\/uploads\/2012\/09\/zoo0.jpg 599w, https:\/\/development.skcentar.edu.rs\/wp-content\/uploads\/2012\/09\/zoo0-300x115.jpg 300w\" sizes=\"auto, (max-width: 599px) 100vw, 599px\" \/>Povodom Svetske nedelje gluvih i nagluvih osoba, koja se obele\u017eava od 24. do 28. septembra, kompanija Auidovox iz Beograda je organizovala akciju \u201e\u010cuti i razumeti\u201c, u okviru koje su se deca sa o\u0161te\u0107enim sluhom iz cele Srbije okupila u ZOO vrtu u Beogradu. Doga\u0111aju su, pored animatora za decu i profesora sa Fakulteta za specijalnu edukaciju i rehabilitaciju, \u00a0prisustvovale poznate li\u010dnosti: <strong>Ivan Ivanovi\u0107<\/strong>, <strong>Inspektor Bla\u017ea<\/strong>, <strong>Vlado Georgijev<\/strong>, <strong>Maja Ognjenovi\u0107<\/strong>, <strong>Maja Simani\u0107<\/strong> i dr. Oni su se potpisivali na majice koje su podeljene svim u\u010desnicima. Cilj okupljanja je bio da deca provedu jedan dan druga\u010diji od drugih, upoznaju nove drugare i javne li\u010denosti koje su podr\u017eale akciju. Beograd je posetilo i 10 u\u010denika i 4 pratioca \u0160kolskog centra za vasp. i obraz. slu\u0161no o\u0161te\u0107enih lica \u2013 Subotica.<\/p>\n<p><!--more--><\/p>\n<p>Tro\u0161kove dolaska, posete i povratka pokrila je kompanija Audiovox i tako na\u0161im u\u010denicima omogu\u0107ila nezaboravan i lep provod.<\/p>\n<p>\u00a0{webgallery} <img loading=\"lazy\" decoding=\"async\" class=\" size-full wp-image-158\" src=\"https:\/\/development.skcentar.edu.rs\/wp-content\/uploads\/2012\/09\/zoo1.jpg\" border=\"0\" width=\"783\" height=\"600\" srcset=\"https:\/\/development.skcentar.edu.rs\/wp-content\/uploads\/2012\/09\/zoo1.jpg 783w, https:\/\/development.skcentar.edu.rs\/wp-content\/uploads\/2012\/09\/zoo1-300x230.jpg 300w, https:\/\/development.skcentar.edu.rs\/wp-content\/uploads\/2012\/09\/zoo1-768x589.jpg 768w\" sizes=\"auto, (max-width: 783px) 100vw, 783px\" \/> <img loading=\"lazy\" decoding=\"async\" class=\" size-full wp-image-159\" src=\"https:\/\/development.skcentar.edu.rs\/wp-content\/uploads\/2012\/09\/zoo2.jpg\" border=\"0\" width=\"783\" height=\"600\" srcset=\"https:\/\/development.skcentar.edu.rs\/wp-content\/uploads\/2012\/09\/zoo2.jpg 783w, https:\/\/development.skcentar.edu.rs\/wp-content\/uploads\/2012\/09\/zoo2-300x230.jpg 300w, https:\/\/development.skcentar.edu.rs\/wp-content\/uploads\/2012\/09\/zoo2-768x589.jpg 768w\" sizes=\"auto, (max-width: 783px) 100vw, 783px\" \/> <img loading=\"lazy\" decoding=\"async\" class=\" size-full wp-image-160\" src=\"https:\/\/development.skcentar.edu.rs\/wp-content\/uploads\/2012\/09\/zoo3.jpg\" border=\"0\" width=\"783\" height=\"600\" srcset=\"https:\/\/development.skcentar.edu.rs\/wp-content\/uploads\/2012\/09\/zoo3.jpg 783w, https:\/\/development.skcentar.edu.rs\/wp-content\/uploads\/2012\/09\/zoo3-300x230.jpg 300w, https:\/\/development.skcentar.edu.rs\/wp-content\/uploads\/2012\/09\/zoo3-768x589.jpg 768w\" sizes=\"auto, (max-width: 783px) 100vw, 783px\" \/> <img loading=\"lazy\" decoding=\"async\" class=\" size-full wp-image-161\" src=\"https:\/\/development.skcentar.edu.rs\/wp-content\/uploads\/2012\/09\/zoo4.jpg\" border=\"0\" width=\"783\" height=\"600\" srcset=\"https:\/\/development.skcentar.edu.rs\/wp-content\/uploads\/2012\/09\/zoo4.jpg 783w, https:\/\/development.skcentar.edu.rs\/wp-content\/uploads\/2012\/09\/zoo4-300x230.jpg 300w, https:\/\/development.skcentar.edu.rs\/wp-content\/uploads\/2012\/09\/zoo4-768x589.jpg 768w\" sizes=\"auto, (max-width: 783px) 100vw, 783px\" \/> <img loading=\"lazy\" decoding=\"async\" class=\" size-full wp-image-162\" src=\"https:\/\/development.skcentar.edu.rs\/wp-content\/uploads\/2012\/09\/zoo5.jpg\" border=\"0\" width=\"783\" height=\"600\" srcset=\"https:\/\/development.skcentar.edu.rs\/wp-content\/uploads\/2012\/09\/zoo5.jpg 783w, https:\/\/development.skcentar.edu.rs\/wp-content\/uploads\/2012\/09\/zoo5-300x230.jpg 300w, https:\/\/development.skcentar.edu.rs\/wp-content\/uploads\/2012\/09\/zoo5-768x589.jpg 768w\" sizes=\"auto, (max-width: 783px) 100vw, 783px\" \/>{\/webgallery}<\/p>\n","protected":false},"excerpt":{"rendered":"<p>Povodom Svetske nedelje gluvih i nagluvih osoba, koja se obele\u017eava od 24. do 28. septembra, kompanija Auidovox iz Beograda je organizovala akciju \u201e\u010cuti i razumeti\u201c, u okviru koje su se deca sa o\u0161te\u0107enim sluhom iz cele Srbije okupila u ZOO vrtu u Beogradu. Doga\u0111aju su, pored animatora za decu i profesora sa Fakulteta za specijalnu [&hellip;]<\/p>\n","protected":false},"author":1,"featured_media":157,"comment_status":"open","ping_status":"open","sticky":true,"template":"","format":"standard","meta":{"footnotes":""},"categories":[7],"tags":[],"class_list":["post-163","post","type-post","status-publish","format-standard","has-post-thumbnail","hentry","category-aktuelno"],"_links":{"self":[{"href":"https:\/\/development.skcentar.edu.rs\/index.php\/wp-json\/wp\/v2\/posts\/163","targetHints":{"allow":["GET"]}}],"collection":[{"href":"https:\/\/development.skcentar.edu.rs\/index.php\/wp-json\/wp\/v2\/posts"}],"about":[{"href":"https:\/\/development.skcentar.edu.rs\/index.php\/wp-json\/wp\/v2\/types\/post"}],"author":[{"embeddable":true,"href":"https:\/\/development.skcentar.edu.rs\/index.php\/wp-json\/wp\/v2\/users\/1"}],"replies":[{"embeddable":true,"href":"https:\/\/development.skcentar.edu.rs\/index.php\/wp-json\/wp\/v2\/comments?post=163"}],"version-history":[{"count":0,"href":"https:\/\/development.skcentar.edu.rs\/index.php\/wp-json\/wp\/v2\/posts\/163\/revisions"}],"wp:featuredmedia":[{"embeddable":true,"href":"https:\/\/development.skcentar.edu.rs\/index.php\/wp-json\/wp\/v2\/media\/157"}],"wp:attachment":[{"href":"https:\/\/development.skcentar.edu.rs\/index.php\/wp-json\/wp\/v2\/media?parent=163"}],"wp:term":[{"taxonomy":"category","embeddable":true,"href":"https:\/\/development.skcentar.edu.rs\/index.php\/wp-json\/wp\/v2\/categories?post=163"},{"taxonomy":"post_tag","embeddable":true,"href":"https:\/\/development.skcentar.edu.rs\/index.php\/wp-json\/wp\/v2\/tags?post=163"}],"curies":[{"name":"wp","href":"https:\/\/api.w.org\/{rel}","templated":true}]}}