{"id":229,"date":"2013-02-20T15:33:58","date_gmt":"2013-02-20T15:33:58","guid":{"rendered":"https:\/\/development.skcentar.edu.rs\/index.php\/2013\/02\/20\/milinko-vam-daruje\/"},"modified":"2013-02-20T15:33:58","modified_gmt":"2013-02-20T15:33:58","slug":"milinko-vam-daruje","status":"publish","type":"post","link":"https:\/\/development.skcentar.edu.rs\/index.php\/2013\/02\/20\/milinko-vam-daruje\/","title":{"rendered":"Milinko vam daruje"},"content":{"rendered":"<p><img loading=\"lazy\" decoding=\"async\" class=\" size-full wp-image-225\" src=\"https:\/\/development.skcentar.edu.rs\/wp-content\/uploads\/2013\/02\/milinko.jpg\" border=\"0\" width=\"599\" height=\"230\" srcset=\"https:\/\/development.skcentar.edu.rs\/wp-content\/uploads\/2013\/02\/milinko.jpg 599w, https:\/\/development.skcentar.edu.rs\/wp-content\/uploads\/2013\/02\/milinko-300x115.jpg 300w\" sizes=\"auto, (max-width: 599px) 100vw, 599px\" \/><\/p>\n<p>Milinko je \u010dovek koji je pre dva meseca, u nadi da \u0107e njegovi pokloni prona\u0107i put do onih kojima su najpotrebniji, obi\u0161ao sve gradove u Srbiji i u svakom ostavio poklon. Kasnije je do\u0161ao na ideju da pokrene akciju darivanja dece koja poha\u0111aju prvi razred. Njemu su se priklju\u010dili mnogi ljudi i 19. II 2013. godine jedna od njih je posetila i na\u0161u \u0161kolu. Na\u0161im prvacima je knjiga \u201eMali princ\u201c Antoana de Sent Egziperija izmamila osmeh na lica.<\/p>\n<p><!--more--><\/p>\n<p>{webgallery} <img loading=\"lazy\" decoding=\"async\" class=\" size-full wp-image-226\" src=\"https:\/\/development.skcentar.edu.rs\/wp-content\/uploads\/2013\/02\/milinko1.jpg\" border=\"0\" width=\"800\" height=\"1067\" srcset=\"https:\/\/development.skcentar.edu.rs\/wp-content\/uploads\/2013\/02\/milinko1.jpg 800w, https:\/\/development.skcentar.edu.rs\/wp-content\/uploads\/2013\/02\/milinko1-225x300.jpg 225w, https:\/\/development.skcentar.edu.rs\/wp-content\/uploads\/2013\/02\/milinko1-768x1024.jpg 768w\" sizes=\"auto, (max-width: 800px) 100vw, 800px\" \/> <img loading=\"lazy\" decoding=\"async\" class=\" size-full wp-image-227\" src=\"https:\/\/development.skcentar.edu.rs\/wp-content\/uploads\/2013\/02\/milinko2.jpg\" border=\"0\" width=\"800\" height=\"1067\" srcset=\"https:\/\/development.skcentar.edu.rs\/wp-content\/uploads\/2013\/02\/milinko2.jpg 800w, https:\/\/development.skcentar.edu.rs\/wp-content\/uploads\/2013\/02\/milinko2-225x300.jpg 225w, https:\/\/development.skcentar.edu.rs\/wp-content\/uploads\/2013\/02\/milinko2-768x1024.jpg 768w\" sizes=\"auto, (max-width: 800px) 100vw, 800px\" \/> <img loading=\"lazy\" decoding=\"async\" class=\" size-full wp-image-228\" src=\"https:\/\/development.skcentar.edu.rs\/wp-content\/uploads\/2013\/02\/milinko3.jpg\" border=\"0\" width=\"800\" height=\"604\" srcset=\"https:\/\/development.skcentar.edu.rs\/wp-content\/uploads\/2013\/02\/milinko3.jpg 800w, https:\/\/development.skcentar.edu.rs\/wp-content\/uploads\/2013\/02\/milinko3-300x227.jpg 300w, https:\/\/development.skcentar.edu.rs\/wp-content\/uploads\/2013\/02\/milinko3-768x580.jpg 768w\" sizes=\"auto, (max-width: 800px) 100vw, 800px\" \/> {\/webgallery}\u00a0<\/p>\n","protected":false},"excerpt":{"rendered":"<p>Milinko je \u010dovek koji je pre dva meseca, u nadi da \u0107e njegovi pokloni prona\u0107i put do onih kojima su najpotrebniji, obi\u0161ao sve gradove u Srbiji i u svakom ostavio poklon. Kasnije je do\u0161ao na ideju da pokrene akciju darivanja dece koja poha\u0111aju prvi razred. Njemu su se priklju\u010dili mnogi ljudi i 19. II 2013. [&hellip;]<\/p>\n","protected":false},"author":1,"featured_media":225,"comment_status":"open","ping_status":"open","sticky":true,"template":"","format":"standard","meta":{"footnotes":""},"categories":[7],"tags":[],"class_list":["post-229","post","type-post","status-publish","format-standard","has-post-thumbnail","hentry","category-aktuelno"],"_links":{"self":[{"href":"https:\/\/development.skcentar.edu.rs\/index.php\/wp-json\/wp\/v2\/posts\/229","targetHints":{"allow":["GET"]}}],"collection":[{"href":"https:\/\/development.skcentar.edu.rs\/index.php\/wp-json\/wp\/v2\/posts"}],"about":[{"href":"https:\/\/development.skcentar.edu.rs\/index.php\/wp-json\/wp\/v2\/types\/post"}],"author":[{"embeddable":true,"href":"https:\/\/development.skcentar.edu.rs\/index.php\/wp-json\/wp\/v2\/users\/1"}],"replies":[{"embeddable":true,"href":"https:\/\/development.skcentar.edu.rs\/index.php\/wp-json\/wp\/v2\/comments?post=229"}],"version-history":[{"count":0,"href":"https:\/\/development.skcentar.edu.rs\/index.php\/wp-json\/wp\/v2\/posts\/229\/revisions"}],"wp:featuredmedia":[{"embeddable":true,"href":"https:\/\/development.skcentar.edu.rs\/index.php\/wp-json\/wp\/v2\/media\/225"}],"wp:attachment":[{"href":"https:\/\/development.skcentar.edu.rs\/index.php\/wp-json\/wp\/v2\/media?parent=229"}],"wp:term":[{"taxonomy":"category","embeddable":true,"href":"https:\/\/development.skcentar.edu.rs\/index.php\/wp-json\/wp\/v2\/categories?post=229"},{"taxonomy":"post_tag","embeddable":true,"href":"https:\/\/development.skcentar.edu.rs\/index.php\/wp-json\/wp\/v2\/tags?post=229"}],"curies":[{"name":"wp","href":"https:\/\/api.w.org\/{rel}","templated":true}]}}