{"id":243,"date":"2013-04-11T13:26:00","date_gmt":"2013-04-11T13:26:00","guid":{"rendered":"https:\/\/development.skcentar.edu.rs\/index.php\/2013\/04\/11\/poseta-specijalnoj-skoli\/"},"modified":"2013-04-11T13:26:00","modified_gmt":"2013-04-11T13:26:00","slug":"poseta-specijalnoj-skoli","status":"publish","type":"post","link":"https:\/\/development.skcentar.edu.rs\/index.php\/2013\/04\/11\/poseta-specijalnoj-skoli\/","title":{"rendered":"Poseta specijalnoj \u0161koli"},"content":{"rendered":"<p><img decoding=\"async\" src=\"images\/2\/1.jpg\" border=\"0\" \/><\/p>\n<p>Poseta specijalnoj \u0161koli \u201eKozmuca Flora\u201c u Klu\u017e-Napoka (Kolo\u017evar) u Rumuniji<br \/>Od 3. IV do 4. IV 2013. godine \u010detiri nastavnika \u0160kolskog centra za vaspitanje i obrazovanje slu\u0161no o\u0161te\u0107enih lica boravilo je u Rumuniji, u poseti specijalnoj \u0161koli \u201eKozmuca Flora\u201c. Putovanje je organizovano u saradnji sa nastavnicima bratske \u0161kole \u201eKlug Peter\u201c iz Segedina. Susret tri \u0161kole za decu o\u0161te\u0107enog sluha protekao je u srda\u010dnoj atmosferi, uz veoma bogat program. Pored stru\u010dnog dela koji je bio ispunjen izlaganjima u\u010desnika seminara, radionicama, okruglim stolovima i neformalnom razmenom iskustava, bilo je vremena i za dru\u017eenje. Doma\u0107ini su organizovali obilazak grada Klu\u017ea, posetu rudniku soli u Tordi i etno selu Torocko, kao i obilazak najstarije obrazovne ustanove u tim krajevima, Gimnazije u Na\u0111enjedu. Dru\u017eenje \u0107e se nastaviti u septembru, kada \u0107e \u0160kolski centar ugostiti nastavnike i u\u010denike \u0161kola iz Segedina i Klu\u017ea.<\/p>\n<p><!--more--><\/p>\n<p>\u00a0{webgallery} <img decoding=\"async\" src=\"images\/2\/2.jpg\" border=\"0\" \/> <img decoding=\"async\" src=\"images\/2\/3.jpg\" border=\"0\" \/> <img decoding=\"async\" src=\"images\/2\/4.jpg\" border=\"0\" \/> {\/webgallery}<\/p>\n","protected":false},"excerpt":{"rendered":"<p>Poseta specijalnoj \u0161koli \u201eKozmuca Flora\u201c u Klu\u017e-Napoka (Kolo\u017evar) u RumunijiOd 3. IV do 4. IV 2013. godine \u010detiri nastavnika \u0160kolskog centra za vaspitanje i obrazovanje slu\u0161no o\u0161te\u0107enih lica boravilo je u Rumuniji, u poseti specijalnoj \u0161koli \u201eKozmuca Flora\u201c. Putovanje je organizovano u saradnji sa nastavnicima bratske \u0161kole \u201eKlug Peter\u201c iz Segedina. Susret tri \u0161kole za [&hellip;]<\/p>\n","protected":false},"author":1,"featured_media":0,"comment_status":"open","ping_status":"open","sticky":true,"template":"","format":"standard","meta":{"footnotes":""},"categories":[7],"tags":[],"class_list":["post-243","post","type-post","status-publish","format-standard","hentry","category-aktuelno"],"_links":{"self":[{"href":"https:\/\/development.skcentar.edu.rs\/index.php\/wp-json\/wp\/v2\/posts\/243","targetHints":{"allow":["GET"]}}],"collection":[{"href":"https:\/\/development.skcentar.edu.rs\/index.php\/wp-json\/wp\/v2\/posts"}],"about":[{"href":"https:\/\/development.skcentar.edu.rs\/index.php\/wp-json\/wp\/v2\/types\/post"}],"author":[{"embeddable":true,"href":"https:\/\/development.skcentar.edu.rs\/index.php\/wp-json\/wp\/v2\/users\/1"}],"replies":[{"embeddable":true,"href":"https:\/\/development.skcentar.edu.rs\/index.php\/wp-json\/wp\/v2\/comments?post=243"}],"version-history":[{"count":0,"href":"https:\/\/development.skcentar.edu.rs\/index.php\/wp-json\/wp\/v2\/posts\/243\/revisions"}],"wp:attachment":[{"href":"https:\/\/development.skcentar.edu.rs\/index.php\/wp-json\/wp\/v2\/media?parent=243"}],"wp:term":[{"taxonomy":"category","embeddable":true,"href":"https:\/\/development.skcentar.edu.rs\/index.php\/wp-json\/wp\/v2\/categories?post=243"},{"taxonomy":"post_tag","embeddable":true,"href":"https:\/\/development.skcentar.edu.rs\/index.php\/wp-json\/wp\/v2\/tags?post=243"}],"curies":[{"name":"wp","href":"https:\/\/api.w.org\/{rel}","templated":true}]}}