{"id":272,"date":"2013-10-01T10:19:44","date_gmt":"2013-10-01T10:19:44","guid":{"rendered":"https:\/\/development.skcentar.edu.rs\/index.php\/2013\/10\/01\/noc-istrazivaca\/"},"modified":"2013-10-01T10:19:44","modified_gmt":"2013-10-01T10:19:44","slug":"noc-istrazivaca","status":"publish","type":"post","link":"https:\/\/development.skcentar.edu.rs\/index.php\/2013\/10\/01\/noc-istrazivaca\/","title":{"rendered":"No\u0107 istra\u017eiva\u010da"},"content":{"rendered":"<p><img decoding=\"async\" src=\"images\/10\/1a.jpg\" border=\"0\" \/><\/p>\n<p>U petak, 27. IX 2013. godine je, u organizaciji O\u0160 \u201eKizur I\u0161tvan\u201c, uz podr\u0161ku Pokrajinskog sekretarijata za nauku i tehnolo\u0161ki razvoj i grada Subotice, ispred Gradske ku\u0107e odr\u017eana manifestacija \u201eNo\u0107 istra\u017eiva\u010da\u201c. \u00a0<\/p>\n<p><!--more--><\/p>\n<p>Naziv ovogodi\u0161nje manifestacije, koja se istovremeno odr\u017eava u 32 evropske dr\u017eave, bio je \u201e\u0160est \u010dula nauke\u201c. Cilj manifestacije je bio pribli\u017eavanje nauke mladima. U\u010denici \u0160kolskog centar za vaspitanje i obrazovanje slu\u0161no o\u0161te\u0107enih lica su, zajedno sa nastavnicima, dali dobrinos \u201eNo\u0107i istra\u017eiva\u010da\u201c i na \u0161tandu posve\u0107enom \u010dulu sluha izlo\u017eili aparate i pomagala za slu\u0161no o\u0161te\u0107ena lica. Tako\u0111e, su zainteresovani prolaznici mogli da u\u010destvuju u radionici Mala \u0161kola znakovnog jezika. Prate\u0107i deo manifestacije je bila i Kafa sa istra\u017eiva\u010dima. Prolaznici su imali priliku da sva pitanja koja su imali u vezi \u010dula sluha postave na\u0161em gostu, doktoru Neboj\u0161i Raki\u0107u. U\u010denici \u0160kolskog centra su nastupali i na priredbi povodom otvaranja \u201eNo\u0107i istra\u017eiva\u010da\u201c. \u00a0<\/p>\n<p>\u00a0{webgallery} <img decoding=\"async\" src=\"images\/10\/1.jpg\" border=\"0\" \/> <img decoding=\"async\" src=\"images\/10\/2.jpg\" border=\"0\" \/> <img decoding=\"async\" src=\"images\/10\/3.jpg\" border=\"0\" \/> <img decoding=\"async\" src=\"images\/10\/4.jpg\" border=\"0\" \/><img decoding=\"async\" src=\"images\/10\/5.jpg\" border=\"0\" \/><img decoding=\"async\" src=\"images\/10\/6.jpg\" border=\"0\" \/><img decoding=\"async\" src=\"images\/10\/7.jpg\" border=\"0\" \/>{\/webgallery}<\/p>\n","protected":false},"excerpt":{"rendered":"<p>U petak, 27. IX 2013. godine je, u organizaciji O\u0160 \u201eKizur I\u0161tvan\u201c, uz podr\u0161ku Pokrajinskog sekretarijata za nauku i tehnolo\u0161ki razvoj i grada Subotice, ispred Gradske ku\u0107e odr\u017eana manifestacija \u201eNo\u0107 istra\u017eiva\u010da\u201c. \u00a0<\/p>\n","protected":false},"author":1,"featured_media":0,"comment_status":"open","ping_status":"open","sticky":true,"template":"","format":"standard","meta":{"footnotes":""},"categories":[7],"tags":[],"class_list":["post-272","post","type-post","status-publish","format-standard","hentry","category-aktuelno"],"_links":{"self":[{"href":"https:\/\/development.skcentar.edu.rs\/index.php\/wp-json\/wp\/v2\/posts\/272","targetHints":{"allow":["GET"]}}],"collection":[{"href":"https:\/\/development.skcentar.edu.rs\/index.php\/wp-json\/wp\/v2\/posts"}],"about":[{"href":"https:\/\/development.skcentar.edu.rs\/index.php\/wp-json\/wp\/v2\/types\/post"}],"author":[{"embeddable":true,"href":"https:\/\/development.skcentar.edu.rs\/index.php\/wp-json\/wp\/v2\/users\/1"}],"replies":[{"embeddable":true,"href":"https:\/\/development.skcentar.edu.rs\/index.php\/wp-json\/wp\/v2\/comments?post=272"}],"version-history":[{"count":0,"href":"https:\/\/development.skcentar.edu.rs\/index.php\/wp-json\/wp\/v2\/posts\/272\/revisions"}],"wp:attachment":[{"href":"https:\/\/development.skcentar.edu.rs\/index.php\/wp-json\/wp\/v2\/media?parent=272"}],"wp:term":[{"taxonomy":"category","embeddable":true,"href":"https:\/\/development.skcentar.edu.rs\/index.php\/wp-json\/wp\/v2\/categories?post=272"},{"taxonomy":"post_tag","embeddable":true,"href":"https:\/\/development.skcentar.edu.rs\/index.php\/wp-json\/wp\/v2\/tags?post=272"}],"curies":[{"name":"wp","href":"https:\/\/api.w.org\/{rel}","templated":true}]}}