{"id":273,"date":"2013-10-02T11:26:56","date_gmt":"2013-10-02T11:26:56","guid":{"rendered":"https:\/\/development.skcentar.edu.rs\/index.php\/2013\/10\/02\/gosti-iz-madjarske-i-rumunije\/"},"modified":"2013-10-02T11:26:56","modified_gmt":"2013-10-02T11:26:56","slug":"gosti-iz-madjarske-i-rumunije","status":"publish","type":"post","link":"https:\/\/development.skcentar.edu.rs\/index.php\/2013\/10\/02\/gosti-iz-madjarske-i-rumunije\/","title":{"rendered":"Gosti iz Ma\u0111arske i Rumunije"},"content":{"rendered":"<p><img decoding=\"async\" src=\"images\/11\/1a.jpg\" border=\"0\" \/><\/p>\n<p>U periodu od 26. do 29. IX 2013. godine u poseti \u0160kolskom centru za vaspitanje i obrazovanje slu\u0161no o\u0161te\u0107enih lica su bili nastavnici i u\u010denici bratske \u0161kole \u201eKlug Peter\u201c iz Segedina, specijalne \u0161kole \u201eKozmuca Flora\u201d iz Klu\u017ea (Rumunija) i predstavnici humanitarne organizacije iz Budimpe\u0161te.<\/p>\n<p><!--more--><\/p>\n<p>Predstavnici humanitarne organizacije su u\u010denicima \u0160kolskog centra poklonili obu\u0107u. U toku posete gosti su imali priliku da obi\u0111u najzna\u010dajnije spomenike kulture grada Subotice. Tako\u0111e, su organizovane radionice i dru\u017eenje na Rokinom sala\u0161u. U subotu, 28. IX, gosti i njihovi doma\u0107ini su posetili Novi Sad. Obi\u0161li su Petrovaradinsku tvr\u0111avu, zatim Iri\u0161ki venac i manastir Kru\u0161edol.<\/p>\n<p>\u00a0{webgallery} <img decoding=\"async\" src=\"images\/11\/1.jpg\" border=\"0\" \/> <img decoding=\"async\" src=\"images\/11\/2.jpg\" border=\"0\" \/> <img decoding=\"async\" src=\"images\/11\/3.jpg\" border=\"0\" \/> <img decoding=\"async\" src=\"images\/11\/4.jpg\" border=\"0\" \/><img decoding=\"async\" src=\"images\/11\/5.jpg\" border=\"0\" \/><img decoding=\"async\" src=\"images\/11\/6.jpg\" border=\"0\" \/><img decoding=\"async\" src=\"images\/11\/7.jpg\" border=\"0\" \/>{\/webgallery}<\/p>\n","protected":false},"excerpt":{"rendered":"<p>U periodu od 26. do 29. IX 2013. godine u poseti \u0160kolskom centru za vaspitanje i obrazovanje slu\u0161no o\u0161te\u0107enih lica su bili nastavnici i u\u010denici bratske \u0161kole \u201eKlug Peter\u201c iz Segedina, specijalne \u0161kole \u201eKozmuca Flora\u201d iz Klu\u017ea (Rumunija) i predstavnici humanitarne organizacije iz Budimpe\u0161te.<\/p>\n","protected":false},"author":1,"featured_media":0,"comment_status":"open","ping_status":"open","sticky":true,"template":"","format":"standard","meta":{"footnotes":""},"categories":[7],"tags":[],"class_list":["post-273","post","type-post","status-publish","format-standard","hentry","category-aktuelno"],"_links":{"self":[{"href":"https:\/\/development.skcentar.edu.rs\/index.php\/wp-json\/wp\/v2\/posts\/273","targetHints":{"allow":["GET"]}}],"collection":[{"href":"https:\/\/development.skcentar.edu.rs\/index.php\/wp-json\/wp\/v2\/posts"}],"about":[{"href":"https:\/\/development.skcentar.edu.rs\/index.php\/wp-json\/wp\/v2\/types\/post"}],"author":[{"embeddable":true,"href":"https:\/\/development.skcentar.edu.rs\/index.php\/wp-json\/wp\/v2\/users\/1"}],"replies":[{"embeddable":true,"href":"https:\/\/development.skcentar.edu.rs\/index.php\/wp-json\/wp\/v2\/comments?post=273"}],"version-history":[{"count":0,"href":"https:\/\/development.skcentar.edu.rs\/index.php\/wp-json\/wp\/v2\/posts\/273\/revisions"}],"wp:attachment":[{"href":"https:\/\/development.skcentar.edu.rs\/index.php\/wp-json\/wp\/v2\/media?parent=273"}],"wp:term":[{"taxonomy":"category","embeddable":true,"href":"https:\/\/development.skcentar.edu.rs\/index.php\/wp-json\/wp\/v2\/categories?post=273"},{"taxonomy":"post_tag","embeddable":true,"href":"https:\/\/development.skcentar.edu.rs\/index.php\/wp-json\/wp\/v2\/tags?post=273"}],"curies":[{"name":"wp","href":"https:\/\/api.w.org\/{rel}","templated":true}]}}