{"id":286,"date":"2013-10-26T09:32:37","date_gmt":"2013-10-26T09:32:37","guid":{"rendered":"https:\/\/development.skcentar.edu.rs\/index.php\/2013\/10\/26\/poseta-skoli-u-kluzu\/"},"modified":"2013-10-26T09:32:37","modified_gmt":"2013-10-26T09:32:37","slug":"poseta-skoli-u-kluzu","status":"publish","type":"post","link":"https:\/\/development.skcentar.edu.rs\/index.php\/2013\/10\/26\/poseta-skoli-u-kluzu\/","title":{"rendered":"Poseta \u0161koli u Klu\u017eu"},"content":{"rendered":"<p><img loading=\"lazy\" decoding=\"async\" class=\" size-full wp-image-285\" src=\"https:\/\/development.skcentar.edu.rs\/wp-content\/uploads\/2013\/10\/sk1.jpg\" border=\"0\" width=\"699\" height=\"230\" srcset=\"https:\/\/development.skcentar.edu.rs\/wp-content\/uploads\/2013\/10\/sk1.jpg 699w, https:\/\/development.skcentar.edu.rs\/wp-content\/uploads\/2013\/10\/sk1-300x99.jpg 300w\" sizes=\"auto, (max-width: 699px) 100vw, 699px\" \/><\/p>\n<p>Od 16. do 20. X 2013. godine grupa u\u010denika i nastavnika \u0160kolskog centra za vaspitanje i obrazovanje slu\u0161no o\u0161te\u0107enih lica iz Subotice je, zajedno sa nastavnicima i u\u010denicima \u0161kole \u201cKlug Peter\u201d iz Segedina, posetila specijalnu \u0161kolu \u201cKozmuca Flora\u201d u Klu\u017eu (Rumunija).<\/p>\n<p><!--more--><\/p>\n<p>Povod za posetu bila je proslava 125. godina postojanja gore pomenute \u0161kole. Organizovane su radionice za u\u010denike, prezentacija \u0161kole, \u017eurke, izleti u rudnik soli, \u0110ulafehervar, etno selo Torocko, obilazak grada\u2026 Sa ovog putovanja, koje je doprinelo pobolj\u0161anju me\u0111unarodne saradnje, u\u010denici i nastavnici su poneli najlep\u0161e utiske.<\/p>\n<p>\u00a0{webgallery} <img loading=\"lazy\" decoding=\"async\" class=\" size-full wp-image-245\" src=\"https:\/\/development.skcentar.edu.rs\/wp-content\/uploads\/2013\/04\/1.jpg\" border=\"0\" width=\"800\" height=\"600\" srcset=\"https:\/\/development.skcentar.edu.rs\/wp-content\/uploads\/2013\/04\/1.jpg 800w, https:\/\/development.skcentar.edu.rs\/wp-content\/uploads\/2013\/04\/1-300x225.jpg 300w, https:\/\/development.skcentar.edu.rs\/wp-content\/uploads\/2013\/04\/1-768x576.jpg 768w\" sizes=\"auto, (max-width: 800px) 100vw, 800px\" \/><img loading=\"lazy\" decoding=\"async\" class=\" size-full wp-image-246\" src=\"https:\/\/development.skcentar.edu.rs\/wp-content\/uploads\/2013\/04\/2.jpg\" border=\"0\" width=\"800\" height=\"600\" srcset=\"https:\/\/development.skcentar.edu.rs\/wp-content\/uploads\/2013\/04\/2.jpg 800w, https:\/\/development.skcentar.edu.rs\/wp-content\/uploads\/2013\/04\/2-300x225.jpg 300w, https:\/\/development.skcentar.edu.rs\/wp-content\/uploads\/2013\/04\/2-768x576.jpg 768w\" sizes=\"auto, (max-width: 800px) 100vw, 800px\" \/><img loading=\"lazy\" decoding=\"async\" class=\" size-full wp-image-247\" src=\"https:\/\/development.skcentar.edu.rs\/wp-content\/uploads\/2013\/04\/3.jpg\" border=\"0\" width=\"800\" height=\"600\" srcset=\"https:\/\/development.skcentar.edu.rs\/wp-content\/uploads\/2013\/04\/3.jpg 800w, https:\/\/development.skcentar.edu.rs\/wp-content\/uploads\/2013\/04\/3-300x225.jpg 300w, https:\/\/development.skcentar.edu.rs\/wp-content\/uploads\/2013\/04\/3-768x576.jpg 768w\" sizes=\"auto, (max-width: 800px) 100vw, 800px\" \/><img loading=\"lazy\" decoding=\"async\" class=\" size-full wp-image-248\" src=\"https:\/\/development.skcentar.edu.rs\/wp-content\/uploads\/2013\/04\/4.jpg\" border=\"0\" width=\"800\" height=\"600\" srcset=\"https:\/\/development.skcentar.edu.rs\/wp-content\/uploads\/2013\/04\/4.jpg 800w, https:\/\/development.skcentar.edu.rs\/wp-content\/uploads\/2013\/04\/4-300x225.jpg 300w, https:\/\/development.skcentar.edu.rs\/wp-content\/uploads\/2013\/04\/4-768x576.jpg 768w\" sizes=\"auto, (max-width: 800px) 100vw, 800px\" \/><img loading=\"lazy\" decoding=\"async\" class=\" size-full wp-image-260\" src=\"https:\/\/development.skcentar.edu.rs\/wp-content\/uploads\/2013\/05\/5.jpg\" border=\"0\" width=\"800\" height=\"600\" srcset=\"https:\/\/development.skcentar.edu.rs\/wp-content\/uploads\/2013\/05\/5.jpg 800w, https:\/\/development.skcentar.edu.rs\/wp-content\/uploads\/2013\/05\/5-300x225.jpg 300w, https:\/\/development.skcentar.edu.rs\/wp-content\/uploads\/2013\/05\/5-768x576.jpg 768w\" sizes=\"auto, (max-width: 800px) 100vw, 800px\" \/><img loading=\"lazy\" decoding=\"async\" class=\" size-full wp-image-265\" src=\"https:\/\/development.skcentar.edu.rs\/wp-content\/uploads\/2013\/06\/6.jpg\" border=\"0\" width=\"800\" height=\"600\" srcset=\"https:\/\/development.skcentar.edu.rs\/wp-content\/uploads\/2013\/06\/6.jpg 800w, https:\/\/development.skcentar.edu.rs\/wp-content\/uploads\/2013\/06\/6-300x225.jpg 300w, https:\/\/development.skcentar.edu.rs\/wp-content\/uploads\/2013\/06\/6-768x576.jpg 768w\" sizes=\"auto, (max-width: 800px) 100vw, 800px\" \/><img loading=\"lazy\" decoding=\"async\" class=\" size-full wp-image-266\" src=\"https:\/\/development.skcentar.edu.rs\/wp-content\/uploads\/2013\/06\/7.jpg\" border=\"0\" width=\"800\" height=\"600\" srcset=\"https:\/\/development.skcentar.edu.rs\/wp-content\/uploads\/2013\/06\/7.jpg 800w, https:\/\/development.skcentar.edu.rs\/wp-content\/uploads\/2013\/06\/7-300x225.jpg 300w, https:\/\/development.skcentar.edu.rs\/wp-content\/uploads\/2013\/06\/7-768x576.jpg 768w\" sizes=\"auto, (max-width: 800px) 100vw, 800px\" \/><img loading=\"lazy\" decoding=\"async\" class=\" size-full wp-image-275\" src=\"https:\/\/development.skcentar.edu.rs\/wp-content\/uploads\/2013\/10\/8.jpg\" border=\"0\" width=\"520\" height=\"390\" srcset=\"https:\/\/development.skcentar.edu.rs\/wp-content\/uploads\/2013\/10\/8.jpg 520w, https:\/\/development.skcentar.edu.rs\/wp-content\/uploads\/2013\/10\/8-300x225.jpg 300w\" sizes=\"auto, (max-width: 520px) 100vw, 520px\" \/>{\/webgallery}<\/p>\n","protected":false},"excerpt":{"rendered":"<p>Od 16. do 20. X 2013. godine grupa u\u010denika i nastavnika \u0160kolskog centra za vaspitanje i obrazovanje slu\u0161no o\u0161te\u0107enih lica iz Subotice je, zajedno sa nastavnicima i u\u010denicima \u0161kole \u201cKlug Peter\u201d iz Segedina, posetila specijalnu \u0161kolu \u201cKozmuca Flora\u201d u Klu\u017eu (Rumunija).<\/p>\n","protected":false},"author":1,"featured_media":285,"comment_status":"open","ping_status":"open","sticky":true,"template":"","format":"standard","meta":{"footnotes":""},"categories":[7],"tags":[],"class_list":["post-286","post","type-post","status-publish","format-standard","has-post-thumbnail","hentry","category-aktuelno"],"_links":{"self":[{"href":"https:\/\/development.skcentar.edu.rs\/index.php\/wp-json\/wp\/v2\/posts\/286","targetHints":{"allow":["GET"]}}],"collection":[{"href":"https:\/\/development.skcentar.edu.rs\/index.php\/wp-json\/wp\/v2\/posts"}],"about":[{"href":"https:\/\/development.skcentar.edu.rs\/index.php\/wp-json\/wp\/v2\/types\/post"}],"author":[{"embeddable":true,"href":"https:\/\/development.skcentar.edu.rs\/index.php\/wp-json\/wp\/v2\/users\/1"}],"replies":[{"embeddable":true,"href":"https:\/\/development.skcentar.edu.rs\/index.php\/wp-json\/wp\/v2\/comments?post=286"}],"version-history":[{"count":0,"href":"https:\/\/development.skcentar.edu.rs\/index.php\/wp-json\/wp\/v2\/posts\/286\/revisions"}],"wp:featuredmedia":[{"embeddable":true,"href":"https:\/\/development.skcentar.edu.rs\/index.php\/wp-json\/wp\/v2\/media\/285"}],"wp:attachment":[{"href":"https:\/\/development.skcentar.edu.rs\/index.php\/wp-json\/wp\/v2\/media?parent=286"}],"wp:term":[{"taxonomy":"category","embeddable":true,"href":"https:\/\/development.skcentar.edu.rs\/index.php\/wp-json\/wp\/v2\/categories?post=286"},{"taxonomy":"post_tag","embeddable":true,"href":"https:\/\/development.skcentar.edu.rs\/index.php\/wp-json\/wp\/v2\/tags?post=286"}],"curies":[{"name":"wp","href":"https:\/\/api.w.org\/{rel}","templated":true}]}}