{"id":297,"date":"2013-12-15T10:10:54","date_gmt":"2013-12-15T10:10:54","guid":{"rendered":"https:\/\/development.skcentar.edu.rs\/index.php\/2013\/12\/15\/nedelja-osoba-sa-invaliditetom\/"},"modified":"2013-12-15T10:10:54","modified_gmt":"2013-12-15T10:10:54","slug":"nedelja-osoba-sa-invaliditetom","status":"publish","type":"post","link":"https:\/\/development.skcentar.edu.rs\/index.php\/2013\/12\/15\/nedelja-osoba-sa-invaliditetom\/","title":{"rendered":"Nedelja osoba sa invaliditetom"},"content":{"rendered":"<p><img loading=\"lazy\" decoding=\"async\" class=\" size-full wp-image-294\" src=\"https:\/\/development.skcentar.edu.rs\/wp-content\/uploads\/2013\/12\/1m.jpg\" border=\"0\" width=\"699\" height=\"230\" srcset=\"https:\/\/development.skcentar.edu.rs\/wp-content\/uploads\/2013\/12\/1m.jpg 699w, https:\/\/development.skcentar.edu.rs\/wp-content\/uploads\/2013\/12\/1m-300x99.jpg 300w\" sizes=\"auto, (max-width: 699px) 100vw, 699px\" \/><\/p>\n<p>Od 2. XII do 6. XII 2013. godine je obele\u017eena Nedelja osoba sa invaliditetom. U\u010denici \u0160kolskog centra za vaspitanje i obrazovanje slu\u0161no o\u0161te\u0107enih lica su u\u010destvovali u mnogim aktivnostima organizovanim ovim povodom. 2. XII su posetili izlo\u017ebu radova od gline u modernoj galeriji Likovni susret, \u010diji je organizator bio Gerontolo\u0161ki centar u Subotici.<\/p>\n<p><!--more--><\/p>\n<p>Istoga dana su se, na Otvorenom univerzitetu, \u010dlanovi \u0161ahovske sekcije \u0160kolskog centra takmi\u010dili na \u0161ahovskom turniru u organizaciji Udru\u017eenja amputiranih i ro\u0111enih sa malformacijama. 3. XII je odr\u017eana centralna manifestacija povodom Nedelje osoba sa invaliditetom u Gradskoj ku\u0107i u okviru koje je nastupao inkluzivni hor \u201eMuzika srca\u201c \u010diji su \u010dlanovi i u\u010denici \u0160kolskog centra. Gost ve\u010deri je bila Neda Ukraden. Nakon toga je otvorena prodajna izlo\u017eba u atrijumu Gradske ku\u0107i na kojoj su svoje radove izlo\u017eili i u\u010denici \u0160kolskog centra.\u00a0 5. XII u Gradskoj ku\u0107i je, za sve zainteresovane, odr\u017eana radionica Mala \u0161kola znakovnog jezika. U\u010denici i profesori \u0160kolskog centra su kroz zanimljive aktivnosti upoznali prisutne sa znakovnim jezikom.<\/p>\n<p>{webgallery} <img loading=\"lazy\" decoding=\"async\" class=\" size-full wp-image-245\" src=\"https:\/\/development.skcentar.edu.rs\/wp-content\/uploads\/2013\/04\/1.jpg\" border=\"0\" width=\"800\" height=\"600\" srcset=\"https:\/\/development.skcentar.edu.rs\/wp-content\/uploads\/2013\/04\/1.jpg 800w, https:\/\/development.skcentar.edu.rs\/wp-content\/uploads\/2013\/04\/1-300x225.jpg 300w, https:\/\/development.skcentar.edu.rs\/wp-content\/uploads\/2013\/04\/1-768x576.jpg 768w\" sizes=\"auto, (max-width: 800px) 100vw, 800px\" \/><img loading=\"lazy\" decoding=\"async\" class=\" size-full wp-image-246\" src=\"https:\/\/development.skcentar.edu.rs\/wp-content\/uploads\/2013\/04\/2.jpg\" border=\"0\" width=\"800\" height=\"600\" srcset=\"https:\/\/development.skcentar.edu.rs\/wp-content\/uploads\/2013\/04\/2.jpg 800w, https:\/\/development.skcentar.edu.rs\/wp-content\/uploads\/2013\/04\/2-300x225.jpg 300w, https:\/\/development.skcentar.edu.rs\/wp-content\/uploads\/2013\/04\/2-768x576.jpg 768w\" sizes=\"auto, (max-width: 800px) 100vw, 800px\" \/><img loading=\"lazy\" decoding=\"async\" class=\" size-full wp-image-247\" src=\"https:\/\/development.skcentar.edu.rs\/wp-content\/uploads\/2013\/04\/3.jpg\" border=\"0\" width=\"800\" height=\"600\" srcset=\"https:\/\/development.skcentar.edu.rs\/wp-content\/uploads\/2013\/04\/3.jpg 800w, https:\/\/development.skcentar.edu.rs\/wp-content\/uploads\/2013\/04\/3-300x225.jpg 300w, https:\/\/development.skcentar.edu.rs\/wp-content\/uploads\/2013\/04\/3-768x576.jpg 768w\" sizes=\"auto, (max-width: 800px) 100vw, 800px\" \/><img loading=\"lazy\" decoding=\"async\" class=\" size-full wp-image-248\" src=\"https:\/\/development.skcentar.edu.rs\/wp-content\/uploads\/2013\/04\/4.jpg\" border=\"0\" width=\"800\" height=\"600\" srcset=\"https:\/\/development.skcentar.edu.rs\/wp-content\/uploads\/2013\/04\/4.jpg 800w, https:\/\/development.skcentar.edu.rs\/wp-content\/uploads\/2013\/04\/4-300x225.jpg 300w, https:\/\/development.skcentar.edu.rs\/wp-content\/uploads\/2013\/04\/4-768x576.jpg 768w\" sizes=\"auto, (max-width: 800px) 100vw, 800px\" \/><img loading=\"lazy\" decoding=\"async\" class=\" size-full wp-image-260\" src=\"https:\/\/development.skcentar.edu.rs\/wp-content\/uploads\/2013\/05\/5.jpg\" border=\"0\" width=\"800\" height=\"600\" srcset=\"https:\/\/development.skcentar.edu.rs\/wp-content\/uploads\/2013\/05\/5.jpg 800w, https:\/\/development.skcentar.edu.rs\/wp-content\/uploads\/2013\/05\/5-300x225.jpg 300w, https:\/\/development.skcentar.edu.rs\/wp-content\/uploads\/2013\/05\/5-768x576.jpg 768w\" sizes=\"auto, (max-width: 800px) 100vw, 800px\" \/><img loading=\"lazy\" decoding=\"async\" class=\" size-full wp-image-265\" src=\"https:\/\/development.skcentar.edu.rs\/wp-content\/uploads\/2013\/06\/6.jpg\" border=\"0\" width=\"800\" height=\"600\" srcset=\"https:\/\/development.skcentar.edu.rs\/wp-content\/uploads\/2013\/06\/6.jpg 800w, https:\/\/development.skcentar.edu.rs\/wp-content\/uploads\/2013\/06\/6-300x225.jpg 300w, https:\/\/development.skcentar.edu.rs\/wp-content\/uploads\/2013\/06\/6-768x576.jpg 768w\" sizes=\"auto, (max-width: 800px) 100vw, 800px\" \/><img decoding=\"async\" src=\"images\/14\/7.jpg\" border=\"0\" \/><img decoding=\"async\" src=\"images\/14\/8.jpg\" border=\"0\" \/><img decoding=\"async\" src=\"images\/14\/9.jpg\" border=\"0\" \/><img decoding=\"async\" src=\"images\/14\/10.jpg\" border=\"0\" \/>{\/webgallery}<\/p>\n","protected":false},"excerpt":{"rendered":"<p>Od 2. XII do 6. XII 2013. godine je obele\u017eena Nedelja osoba sa invaliditetom. U\u010denici \u0160kolskog centra za vaspitanje i obrazovanje slu\u0161no o\u0161te\u0107enih lica su u\u010destvovali u mnogim aktivnostima organizovanim ovim povodom. 2. XII su posetili izlo\u017ebu radova od gline u modernoj galeriji Likovni susret, \u010diji je organizator bio Gerontolo\u0161ki centar u Subotici.<\/p>\n","protected":false},"author":1,"featured_media":294,"comment_status":"open","ping_status":"open","sticky":true,"template":"","format":"standard","meta":{"footnotes":""},"categories":[7],"tags":[],"class_list":["post-297","post","type-post","status-publish","format-standard","has-post-thumbnail","hentry","category-aktuelno"],"_links":{"self":[{"href":"https:\/\/development.skcentar.edu.rs\/index.php\/wp-json\/wp\/v2\/posts\/297","targetHints":{"allow":["GET"]}}],"collection":[{"href":"https:\/\/development.skcentar.edu.rs\/index.php\/wp-json\/wp\/v2\/posts"}],"about":[{"href":"https:\/\/development.skcentar.edu.rs\/index.php\/wp-json\/wp\/v2\/types\/post"}],"author":[{"embeddable":true,"href":"https:\/\/development.skcentar.edu.rs\/index.php\/wp-json\/wp\/v2\/users\/1"}],"replies":[{"embeddable":true,"href":"https:\/\/development.skcentar.edu.rs\/index.php\/wp-json\/wp\/v2\/comments?post=297"}],"version-history":[{"count":0,"href":"https:\/\/development.skcentar.edu.rs\/index.php\/wp-json\/wp\/v2\/posts\/297\/revisions"}],"wp:featuredmedia":[{"embeddable":true,"href":"https:\/\/development.skcentar.edu.rs\/index.php\/wp-json\/wp\/v2\/media\/294"}],"wp:attachment":[{"href":"https:\/\/development.skcentar.edu.rs\/index.php\/wp-json\/wp\/v2\/media?parent=297"}],"wp:term":[{"taxonomy":"category","embeddable":true,"href":"https:\/\/development.skcentar.edu.rs\/index.php\/wp-json\/wp\/v2\/categories?post=297"},{"taxonomy":"post_tag","embeddable":true,"href":"https:\/\/development.skcentar.edu.rs\/index.php\/wp-json\/wp\/v2\/tags?post=297"}],"curies":[{"name":"wp","href":"https:\/\/api.w.org\/{rel}","templated":true}]}}