{"id":412,"date":"2014-06-25T10:33:47","date_gmt":"2014-06-25T10:33:47","guid":{"rendered":"https:\/\/development.skcentar.edu.rs\/index.php\/2014\/06\/25\/senzorna-soba\/"},"modified":"2014-06-25T10:33:47","modified_gmt":"2014-06-25T10:33:47","slug":"senzorna-soba","status":"publish","type":"post","link":"https:\/\/development.skcentar.edu.rs\/index.php\/2014\/06\/25\/senzorna-soba\/","title":{"rendered":"Senzorna soba"},"content":{"rendered":"<p><img decoding=\"async\" src=\"images\/31\/senzorna-soba-mala.jpg\" border=\"0\" \/><\/p>\n<p>19. VI 2014. godine u \u0160kolskom centru je otvorena prva senzorna soba u Subotici. \u00a0Opremanje senzorne sobe omogu\u0107ilo je Osnovno javno tu\u017eila\u0161tvo iz Subotice, izdvajanjem sredstava iz Instituta za odlaganje krivi\u010dnog gonjenja. \u00a0Senzornu sobu sve\u010dano je otvorio Branislav Rankov, osnovni javni tu\u017eilac.\u00a0<\/p>\n<p><!--more--><\/p>\n<p>U senzornoj sobi sprovode se tretmani senzorne integracije, koja poma\u017ee da se pobolj\u0161a senzorno procesuiranje, da se podigne samopouzdanje i samopo\u0161tovanje, kao i samoregulacija. Senzorna integracija je najzna\u010dajnija u razvijanju ve\u0161tina i omogu\u0107ava deci, sa senzorno integrativnom disfunkcijom, bolje funkcionisanje u svakodnevnim aktivnostima. \u00a0Tretman, koji sprovodi sertifikovani terapeut senzorne integracije, zasniva se na stimulaciji \u010dula.<\/p>\n<p><span style=\"line-height: 1.3em;\"><br \/><\/span><\/p>\n<p><span style=\"line-height: 1.3em;\">{webgallery}<\/span><img decoding=\"async\" src=\"images\/31\/1.jpg\" border=\"0\" style=\"line-height: 1.3em;\" \/><img decoding=\"async\" src=\"images\/31\/2.jpg\" border=\"0\" style=\"line-height: 1.3em;\" \/><img decoding=\"async\" src=\"images\/31\/3.jpg\" border=\"0\" style=\"line-height: 1.3em;\" \/><img decoding=\"async\" src=\"images\/31\/4.jpg\" border=\"0\" style=\"line-height: 1.3em;\" \/><img decoding=\"async\" src=\"images\/31\/5.jpg\" border=\"0\" style=\"line-height: 1.3em;\" \/><img decoding=\"async\" src=\"images\/31\/6.jpg\" border=\"0\" style=\"line-height: 1.3em;\" \/><span style=\"line-height: 1.3em;\"><img decoding=\"async\" src=\"images\/31\/7.jpg\" border=\"0\" style=\"line-height: 1.3em;\" \/><span style=\"line-height: 1.3em;\">{\/webgallery}<\/span><\/span><\/p>\n","protected":false},"excerpt":{"rendered":"<p>19. VI 2014. godine u \u0160kolskom centru je otvorena prva senzorna soba u Subotici. \u00a0Opremanje senzorne sobe omogu\u0107ilo je Osnovno javno tu\u017eila\u0161tvo iz Subotice, izdvajanjem sredstava iz Instituta za odlaganje krivi\u010dnog gonjenja. \u00a0Senzornu sobu sve\u010dano je otvorio Branislav Rankov, osnovni javni tu\u017eilac.\u00a0<\/p>\n","protected":false},"author":1,"featured_media":0,"comment_status":"open","ping_status":"open","sticky":true,"template":"","format":"standard","meta":{"footnotes":""},"categories":[7],"tags":[],"class_list":["post-412","post","type-post","status-publish","format-standard","hentry","category-aktuelno"],"_links":{"self":[{"href":"https:\/\/development.skcentar.edu.rs\/index.php\/wp-json\/wp\/v2\/posts\/412","targetHints":{"allow":["GET"]}}],"collection":[{"href":"https:\/\/development.skcentar.edu.rs\/index.php\/wp-json\/wp\/v2\/posts"}],"about":[{"href":"https:\/\/development.skcentar.edu.rs\/index.php\/wp-json\/wp\/v2\/types\/post"}],"author":[{"embeddable":true,"href":"https:\/\/development.skcentar.edu.rs\/index.php\/wp-json\/wp\/v2\/users\/1"}],"replies":[{"embeddable":true,"href":"https:\/\/development.skcentar.edu.rs\/index.php\/wp-json\/wp\/v2\/comments?post=412"}],"version-history":[{"count":0,"href":"https:\/\/development.skcentar.edu.rs\/index.php\/wp-json\/wp\/v2\/posts\/412\/revisions"}],"wp:attachment":[{"href":"https:\/\/development.skcentar.edu.rs\/index.php\/wp-json\/wp\/v2\/media?parent=412"}],"wp:term":[{"taxonomy":"category","embeddable":true,"href":"https:\/\/development.skcentar.edu.rs\/index.php\/wp-json\/wp\/v2\/categories?post=412"},{"taxonomy":"post_tag","embeddable":true,"href":"https:\/\/development.skcentar.edu.rs\/index.php\/wp-json\/wp\/v2\/tags?post=412"}],"curies":[{"name":"wp","href":"https:\/\/api.w.org\/{rel}","templated":true}]}}