{"id":419,"date":"2014-12-04T11:28:44","date_gmt":"2014-12-04T11:28:44","guid":{"rendered":"https:\/\/development.skcentar.edu.rs\/index.php\/2014\/12\/04\/za-pravi-zivot-priliku-nam-dajte-i-sa-nama-uzivajte\/"},"modified":"2014-12-04T11:28:44","modified_gmt":"2014-12-04T11:28:44","slug":"za-pravi-zivot-priliku-nam-dajte-i-sa-nama-uzivajte","status":"publish","type":"post","link":"https:\/\/development.skcentar.edu.rs\/index.php\/2014\/12\/04\/za-pravi-zivot-priliku-nam-dajte-i-sa-nama-uzivajte\/","title":{"rendered":"\u201cZa pravi \u017eivot priliku nam dajte i sa nama u\u017eivajte\u201d"},"content":{"rendered":"<p><img decoding=\"async\" src=\"images\/38\/mala.jpg\" border=\"0\" \/><\/p>\n<p>30. IX 2014. godine u\u010denici \u0160kolskog centra sa domom u\u010denika \u201cDositej Obradovi\u0107\u201d u\u010destvovali \u00a0bili su u\u010desnici u kulturno-umetni\u010dkom programu pod nazivom \u201cZa pravi \u017eivot priliku nam dajte i sa nama u\u017eivajte\u201d koji je organizovalo Udru\u017eenje \u201cCentar za pravi \u017eivot\u201d u saradnji sa Udru\u017eenjem amputiranih i ro\u0111enih sa malformacijama. U\u010denici \u0160kolskog centra su gestom \u201cotpevali\u201d pesmu \u017deljka Joksimovi\u0107a \u201cNije ljubav stvar\u201d.\u00a0<\/p>\n<p><!--more--><\/p>\n<p>\u00a0{webgallery} <img decoding=\"async\" src=\"images\/38\/1c.jpg\" border=\"0\" \/><img decoding=\"async\" src=\"images\/38\/2c.jpg\" border=\"0\" \/><img decoding=\"async\" src=\"images\/38\/3c.jpg\" border=\"0\" \/><img decoding=\"async\" src=\"images\/38\/4c.jpg\" border=\"0\" \/>{\/webgallery}<\/p>\n","protected":false},"excerpt":{"rendered":"<p>30. IX 2014. godine u\u010denici \u0160kolskog centra sa domom u\u010denika \u201cDositej Obradovi\u0107\u201d u\u010destvovali \u00a0bili su u\u010desnici u kulturno-umetni\u010dkom programu pod nazivom \u201cZa pravi \u017eivot priliku nam dajte i sa nama u\u017eivajte\u201d koji je organizovalo Udru\u017eenje \u201cCentar za pravi \u017eivot\u201d u saradnji sa Udru\u017eenjem amputiranih i ro\u0111enih sa malformacijama. U\u010denici \u0160kolskog centra su gestom \u201cotpevali\u201d pesmu [&hellip;]<\/p>\n","protected":false},"author":1,"featured_media":0,"comment_status":"open","ping_status":"open","sticky":true,"template":"","format":"standard","meta":{"footnotes":""},"categories":[7],"tags":[],"class_list":["post-419","post","type-post","status-publish","format-standard","hentry","category-aktuelno"],"_links":{"self":[{"href":"https:\/\/development.skcentar.edu.rs\/index.php\/wp-json\/wp\/v2\/posts\/419","targetHints":{"allow":["GET"]}}],"collection":[{"href":"https:\/\/development.skcentar.edu.rs\/index.php\/wp-json\/wp\/v2\/posts"}],"about":[{"href":"https:\/\/development.skcentar.edu.rs\/index.php\/wp-json\/wp\/v2\/types\/post"}],"author":[{"embeddable":true,"href":"https:\/\/development.skcentar.edu.rs\/index.php\/wp-json\/wp\/v2\/users\/1"}],"replies":[{"embeddable":true,"href":"https:\/\/development.skcentar.edu.rs\/index.php\/wp-json\/wp\/v2\/comments?post=419"}],"version-history":[{"count":0,"href":"https:\/\/development.skcentar.edu.rs\/index.php\/wp-json\/wp\/v2\/posts\/419\/revisions"}],"wp:attachment":[{"href":"https:\/\/development.skcentar.edu.rs\/index.php\/wp-json\/wp\/v2\/media?parent=419"}],"wp:term":[{"taxonomy":"category","embeddable":true,"href":"https:\/\/development.skcentar.edu.rs\/index.php\/wp-json\/wp\/v2\/categories?post=419"},{"taxonomy":"post_tag","embeddable":true,"href":"https:\/\/development.skcentar.edu.rs\/index.php\/wp-json\/wp\/v2\/tags?post=419"}],"curies":[{"name":"wp","href":"https:\/\/api.w.org\/{rel}","templated":true}]}}