{"id":534,"date":"2017-11-17T19:33:00","date_gmt":"2017-11-17T19:33:00","guid":{"rendered":"https:\/\/development.skcentar.edu.rs\/index.php\/2017\/11\/17\/poseta-ekonomskoj-skoli\/"},"modified":"2017-11-17T19:33:00","modified_gmt":"2017-11-17T19:33:00","slug":"poseta-ekonomskoj-skoli","status":"publish","type":"post","link":"https:\/\/development.skcentar.edu.rs\/index.php\/2017\/11\/17\/poseta-ekonomskoj-skoli\/","title":{"rendered":"Poseta Ekonomskoj \u0161koli"},"content":{"rendered":"<p><img loading=\"lazy\" decoding=\"async\" class=\" size-full wp-image-294\" src=\"https:\/\/development.skcentar.edu.rs\/wp-content\/uploads\/2013\/12\/1m.jpg\" border=\"0\" width=\"699\" height=\"230\" srcset=\"https:\/\/development.skcentar.edu.rs\/wp-content\/uploads\/2013\/12\/1m.jpg 699w, https:\/\/development.skcentar.edu.rs\/wp-content\/uploads\/2013\/12\/1m-300x99.jpg 300w\" sizes=\"auto, (max-width: 699px) 100vw, 699px\" \/><\/p>\n<p>Posle nekoliko uspe\u0161nih radionica \u00a0znakovnog jezika odr\u017eanih u \u0160kolskom centru sa domom u\u010denika \u201cDositej Obradovi\u0107\u201d, u\u010denici srednje ekonomske \u0161kole \u201cBosa Mili\u0107evi\u0107\u201d pozvali su u\u010denike i nastavnike \u0160kolskog centra na dru\u017eenje. Obi\u0161li smo \u0161kolu , dru\u017eili se sa njihovim u\u010denicama i razmenili utiske i iskustva.\u00a0<\/p>\n<p><!--more--><\/p>\n<p>\u00a0<\/p>\n<p><img loading=\"lazy\" decoding=\"async\" class=\" size-full wp-image-245\" src=\"https:\/\/development.skcentar.edu.rs\/wp-content\/uploads\/2013\/04\/1.jpg\" border=\"0\" width=\"800\" height=\"600\" srcset=\"https:\/\/development.skcentar.edu.rs\/wp-content\/uploads\/2013\/04\/1.jpg 800w, https:\/\/development.skcentar.edu.rs\/wp-content\/uploads\/2013\/04\/1-300x225.jpg 300w, https:\/\/development.skcentar.edu.rs\/wp-content\/uploads\/2013\/04\/1-768x576.jpg 768w\" sizes=\"auto, (max-width: 800px) 100vw, 800px\" \/><img loading=\"lazy\" decoding=\"async\" class=\" size-full wp-image-246\" src=\"https:\/\/development.skcentar.edu.rs\/wp-content\/uploads\/2013\/04\/2.jpg\" border=\"0\" width=\"800\" height=\"600\" srcset=\"https:\/\/development.skcentar.edu.rs\/wp-content\/uploads\/2013\/04\/2.jpg 800w, https:\/\/development.skcentar.edu.rs\/wp-content\/uploads\/2013\/04\/2-300x225.jpg 300w, https:\/\/development.skcentar.edu.rs\/wp-content\/uploads\/2013\/04\/2-768x576.jpg 768w\" sizes=\"auto, (max-width: 800px) 100vw, 800px\" \/><img loading=\"lazy\" decoding=\"async\" class=\" size-full wp-image-247\" src=\"https:\/\/development.skcentar.edu.rs\/wp-content\/uploads\/2013\/04\/3.jpg\" border=\"0\" width=\"800\" height=\"600\" srcset=\"https:\/\/development.skcentar.edu.rs\/wp-content\/uploads\/2013\/04\/3.jpg 800w, https:\/\/development.skcentar.edu.rs\/wp-content\/uploads\/2013\/04\/3-300x225.jpg 300w, https:\/\/development.skcentar.edu.rs\/wp-content\/uploads\/2013\/04\/3-768x576.jpg 768w\" sizes=\"auto, (max-width: 800px) 100vw, 800px\" \/><\/p>\n","protected":false},"excerpt":{"rendered":"<p>Posle nekoliko uspe\u0161nih radionica \u00a0znakovnog jezika odr\u017eanih u \u0160kolskom centru sa domom u\u010denika \u201cDositej Obradovi\u0107\u201d, u\u010denici srednje ekonomske \u0161kole \u201cBosa Mili\u0107evi\u0107\u201d pozvali su u\u010denike i nastavnike \u0160kolskog centra na dru\u017eenje. Obi\u0161li smo \u0161kolu , dru\u017eili se sa njihovim u\u010denicama i razmenili utiske i iskustva.\u00a0<\/p>\n","protected":false},"author":1,"featured_media":294,"comment_status":"open","ping_status":"open","sticky":true,"template":"","format":"standard","meta":{"footnotes":""},"categories":[4],"tags":[],"class_list":["post-534","post","type-post","status-publish","format-standard","has-post-thumbnail","hentry","category-uncategorised"],"_links":{"self":[{"href":"https:\/\/development.skcentar.edu.rs\/index.php\/wp-json\/wp\/v2\/posts\/534","targetHints":{"allow":["GET"]}}],"collection":[{"href":"https:\/\/development.skcentar.edu.rs\/index.php\/wp-json\/wp\/v2\/posts"}],"about":[{"href":"https:\/\/development.skcentar.edu.rs\/index.php\/wp-json\/wp\/v2\/types\/post"}],"author":[{"embeddable":true,"href":"https:\/\/development.skcentar.edu.rs\/index.php\/wp-json\/wp\/v2\/users\/1"}],"replies":[{"embeddable":true,"href":"https:\/\/development.skcentar.edu.rs\/index.php\/wp-json\/wp\/v2\/comments?post=534"}],"version-history":[{"count":0,"href":"https:\/\/development.skcentar.edu.rs\/index.php\/wp-json\/wp\/v2\/posts\/534\/revisions"}],"wp:featuredmedia":[{"embeddable":true,"href":"https:\/\/development.skcentar.edu.rs\/index.php\/wp-json\/wp\/v2\/media\/294"}],"wp:attachment":[{"href":"https:\/\/development.skcentar.edu.rs\/index.php\/wp-json\/wp\/v2\/media?parent=534"}],"wp:term":[{"taxonomy":"category","embeddable":true,"href":"https:\/\/development.skcentar.edu.rs\/index.php\/wp-json\/wp\/v2\/categories?post=534"},{"taxonomy":"post_tag","embeddable":true,"href":"https:\/\/development.skcentar.edu.rs\/index.php\/wp-json\/wp\/v2\/tags?post=534"}],"curies":[{"name":"wp","href":"https:\/\/api.w.org\/{rel}","templated":true}]}}