{"id":564,"date":"2017-09-25T22:15:00","date_gmt":"2017-09-25T22:15:00","guid":{"rendered":"https:\/\/development.skcentar.edu.rs\/index.php\/2017\/09\/25\/medunarodni-deciji-pozorisni-festival\/"},"modified":"2017-09-25T22:15:00","modified_gmt":"2017-09-25T22:15:00","slug":"medunarodni-deciji-pozorisni-festival","status":"publish","type":"post","link":"https:\/\/development.skcentar.edu.rs\/index.php\/2017\/09\/25\/medunarodni-deciji-pozorisni-festival\/","title":{"rendered":"Me\u0111unarodni de\u010diji pozori\u0161ni festival"},"content":{"rendered":"<p><span style=\"font-size: 9.0pt; line-height: 115%; font-family: 'Tahoma','sans-serif'; mso-fareast-font-family: Calibri; mso-fareast-theme-font: minor-latin; mso-ansi-language: EN-GB; mso-fareast-language: EN-US; mso-bidi-language: AR-SA;\" lang=\"EN-GB\"><img loading=\"lazy\" decoding=\"async\" class=\" size-full wp-image-544\" src=\"https:\/\/development.skcentar.edu.rs\/wp-content\/uploads\/2017\/09\/glavna.jpg\" border=\"0\" alt=\"\" width=\"700\" height=\"230\" srcset=\"https:\/\/development.skcentar.edu.rs\/wp-content\/uploads\/2017\/09\/glavna.jpg 700w, https:\/\/development.skcentar.edu.rs\/wp-content\/uploads\/2017\/09\/glavna-300x99.jpg 300w\" sizes=\"auto, (max-width: 700px) 100vw, 700px\" \/><\/span><\/p>\n<p><span style=\"font-size: 9.0pt; line-height: 115%; font-family: 'Tahoma','sans-serif'; mso-fareast-font-family: Calibri; mso-fareast-theme-font: minor-latin; mso-ansi-language: EN-GB; mso-fareast-language: EN-US; mso-bidi-language: AR-SA;\" lang=\"EN-GB\">U septembru mesecu odr\u017ean je 24. Me\u0111unarodni de\u010diji pozori\u0161ni festival po redu.<\/span><\/p>\n<p><!--more--><\/p>\n<p><span style=\"font-size: 9.0pt; line-height: 115%; font-family: 'Tahoma','sans-serif'; mso-fareast-font-family: Calibri; mso-fareast-theme-font: minor-latin; mso-ansi-language: EN-GB; mso-fareast-language: EN-US; mso-bidi-language: AR-SA;\" lang=\"EN-GB\">Kao i svake , i ove godine smo poveli decu na predstavu beogradskog pozori\u0161ta \u201cAska i vuk\u201d, koja je odr\u017eana 25. septembra u De\u010dijem pozori\u0161tu, a dva dana kasnije gledali smo gestovnu predstavu pozori\u0161ta iz Rusije. Obe predstave su ostavile veoma sna\u017ene utiske na sve nas.<\/span><\/p>\n<p><span style=\"font-size: 9.0pt; line-height: 115%; font-family: 'Tahoma','sans-serif'; mso-fareast-font-family: Calibri; mso-fareast-theme-font: minor-latin; mso-ansi-language: EN-GB; mso-fareast-language: EN-US; mso-bidi-language: AR-SA;\" lang=\"EN-GB\"><img loading=\"lazy\" decoding=\"async\" class=\" size-full wp-image-559\" src=\"https:\/\/development.skcentar.edu.rs\/wp-content\/uploads\/2017\/09\/image-0-02-05-e57fe445ff377ba972ed7ef2aa83195d819278a6f73d1417b88a732e3faa94a8-v.jpg\" border=\"0\" alt=\"\" width=\"960\" height=\"1280\" srcset=\"https:\/\/development.skcentar.edu.rs\/wp-content\/uploads\/2017\/09\/image-0-02-05-e57fe445ff377ba972ed7ef2aa83195d819278a6f73d1417b88a732e3faa94a8-v.jpg 960w, https:\/\/development.skcentar.edu.rs\/wp-content\/uploads\/2017\/09\/image-0-02-05-e57fe445ff377ba972ed7ef2aa83195d819278a6f73d1417b88a732e3faa94a8-v-225x300.jpg 225w, https:\/\/development.skcentar.edu.rs\/wp-content\/uploads\/2017\/09\/image-0-02-05-e57fe445ff377ba972ed7ef2aa83195d819278a6f73d1417b88a732e3faa94a8-v-768x1024.jpg 768w\" sizes=\"auto, (max-width: 960px) 100vw, 960px\" \/><img loading=\"lazy\" decoding=\"async\" class=\" size-full wp-image-560\" src=\"https:\/\/development.skcentar.edu.rs\/wp-content\/uploads\/2017\/09\/20170925_2001360-scaled.jpg\" border=\"0\" alt=\"\" width=\"1920\" height=\"2560\" srcset=\"https:\/\/development.skcentar.edu.rs\/wp-content\/uploads\/2017\/09\/20170925_2001360-scaled.jpg 1920w, https:\/\/development.skcentar.edu.rs\/wp-content\/uploads\/2017\/09\/20170925_2001360-225x300.jpg 225w, https:\/\/development.skcentar.edu.rs\/wp-content\/uploads\/2017\/09\/20170925_2001360-768x1024.jpg 768w, https:\/\/development.skcentar.edu.rs\/wp-content\/uploads\/2017\/09\/20170925_2001360-1152x1536.jpg 1152w, https:\/\/development.skcentar.edu.rs\/wp-content\/uploads\/2017\/09\/20170925_2001360-1536x2048.jpg 1536w\" sizes=\"auto, (max-width: 1920px) 100vw, 1920px\" \/><img loading=\"lazy\" decoding=\"async\" class=\" size-full wp-image-561\" src=\"https:\/\/development.skcentar.edu.rs\/wp-content\/uploads\/2017\/09\/image-0-02-05-267b5c6f3f04ae025ad83c011ffe2a14af8e652e2b3636406cf15ddb16c7d3ce-v.jpg\" border=\"0\" alt=\"\" width=\"960\" height=\"1280\" srcset=\"https:\/\/development.skcentar.edu.rs\/wp-content\/uploads\/2017\/09\/image-0-02-05-267b5c6f3f04ae025ad83c011ffe2a14af8e652e2b3636406cf15ddb16c7d3ce-v.jpg 960w, https:\/\/development.skcentar.edu.rs\/wp-content\/uploads\/2017\/09\/image-0-02-05-267b5c6f3f04ae025ad83c011ffe2a14af8e652e2b3636406cf15ddb16c7d3ce-v-225x300.jpg 225w, https:\/\/development.skcentar.edu.rs\/wp-content\/uploads\/2017\/09\/image-0-02-05-267b5c6f3f04ae025ad83c011ffe2a14af8e652e2b3636406cf15ddb16c7d3ce-v-768x1024.jpg 768w\" sizes=\"auto, (max-width: 960px) 100vw, 960px\" \/><img loading=\"lazy\" decoding=\"async\" class=\" size-full wp-image-562\" src=\"https:\/\/development.skcentar.edu.rs\/wp-content\/uploads\/2017\/09\/20170925_1930060-scaled.jpg\" border=\"0\" alt=\"\" width=\"1920\" height=\"2560\" srcset=\"https:\/\/development.skcentar.edu.rs\/wp-content\/uploads\/2017\/09\/20170925_1930060-scaled.jpg 1920w, https:\/\/development.skcentar.edu.rs\/wp-content\/uploads\/2017\/09\/20170925_1930060-225x300.jpg 225w, https:\/\/development.skcentar.edu.rs\/wp-content\/uploads\/2017\/09\/20170925_1930060-768x1024.jpg 768w, https:\/\/development.skcentar.edu.rs\/wp-content\/uploads\/2017\/09\/20170925_1930060-1152x1536.jpg 1152w, https:\/\/development.skcentar.edu.rs\/wp-content\/uploads\/2017\/09\/20170925_1930060-1536x2048.jpg 1536w\" sizes=\"auto, (max-width: 1920px) 100vw, 1920px\" \/><img loading=\"lazy\" decoding=\"async\" class=\" size-full wp-image-563\" src=\"https:\/\/development.skcentar.edu.rs\/wp-content\/uploads\/2017\/09\/20170925_195906-scaled.jpg\" border=\"0\" alt=\"\" width=\"1920\" height=\"2560\" srcset=\"https:\/\/development.skcentar.edu.rs\/wp-content\/uploads\/2017\/09\/20170925_195906-scaled.jpg 1920w, https:\/\/development.skcentar.edu.rs\/wp-content\/uploads\/2017\/09\/20170925_195906-225x300.jpg 225w, https:\/\/development.skcentar.edu.rs\/wp-content\/uploads\/2017\/09\/20170925_195906-768x1024.jpg 768w, https:\/\/development.skcentar.edu.rs\/wp-content\/uploads\/2017\/09\/20170925_195906-1152x1536.jpg 1152w, https:\/\/development.skcentar.edu.rs\/wp-content\/uploads\/2017\/09\/20170925_195906-1536x2048.jpg 1536w\" sizes=\"auto, (max-width: 1920px) 100vw, 1920px\" \/><\/span><\/p>\n","protected":false},"excerpt":{"rendered":"<p>U septembru mesecu odr\u017ean je 24. Me\u0111unarodni de\u010diji pozori\u0161ni festival po redu.<\/p>\n","protected":false},"author":1,"featured_media":544,"comment_status":"open","ping_status":"open","sticky":true,"template":"","format":"standard","meta":{"footnotes":""},"categories":[4],"tags":[],"class_list":["post-564","post","type-post","status-publish","format-standard","has-post-thumbnail","hentry","category-uncategorised"],"_links":{"self":[{"href":"https:\/\/development.skcentar.edu.rs\/index.php\/wp-json\/wp\/v2\/posts\/564","targetHints":{"allow":["GET"]}}],"collection":[{"href":"https:\/\/development.skcentar.edu.rs\/index.php\/wp-json\/wp\/v2\/posts"}],"about":[{"href":"https:\/\/development.skcentar.edu.rs\/index.php\/wp-json\/wp\/v2\/types\/post"}],"author":[{"embeddable":true,"href":"https:\/\/development.skcentar.edu.rs\/index.php\/wp-json\/wp\/v2\/users\/1"}],"replies":[{"embeddable":true,"href":"https:\/\/development.skcentar.edu.rs\/index.php\/wp-json\/wp\/v2\/comments?post=564"}],"version-history":[{"count":0,"href":"https:\/\/development.skcentar.edu.rs\/index.php\/wp-json\/wp\/v2\/posts\/564\/revisions"}],"wp:featuredmedia":[{"embeddable":true,"href":"https:\/\/development.skcentar.edu.rs\/index.php\/wp-json\/wp\/v2\/media\/544"}],"wp:attachment":[{"href":"https:\/\/development.skcentar.edu.rs\/index.php\/wp-json\/wp\/v2\/media?parent=564"}],"wp:term":[{"taxonomy":"category","embeddable":true,"href":"https:\/\/development.skcentar.edu.rs\/index.php\/wp-json\/wp\/v2\/categories?post=564"},{"taxonomy":"post_tag","embeddable":true,"href":"https:\/\/development.skcentar.edu.rs\/index.php\/wp-json\/wp\/v2\/tags?post=564"}],"curies":[{"name":"wp","href":"https:\/\/api.w.org\/{rel}","templated":true}]}}