{"id":588,"date":"2017-11-03T00:46:00","date_gmt":"2017-11-03T00:46:00","guid":{"rendered":"https:\/\/development.skcentar.edu.rs\/index.php\/2017\/11\/03\/donacija-knjiga\/"},"modified":"2017-11-03T00:46:00","modified_gmt":"2017-11-03T00:46:00","slug":"donacija-knjiga","status":"publish","type":"post","link":"https:\/\/development.skcentar.edu.rs\/index.php\/2017\/11\/03\/donacija-knjiga\/","title":{"rendered":"Donacija knjiga"},"content":{"rendered":"<p class=\"MsoNormal\" style=\"text-align: justify;\"><span style=\"font-size: 9.0pt; line-height: 115%; font-family: 'Tahoma','sans-serif';\" lang=\"SR-LATN-RS\"><img loading=\"lazy\" decoding=\"async\" class=\" size-full wp-image-544\" src=\"https:\/\/development.skcentar.edu.rs\/wp-content\/uploads\/2017\/09\/glavna.jpg\" border=\"0\" alt=\"\" width=\"700\" height=\"230\" srcset=\"https:\/\/development.skcentar.edu.rs\/wp-content\/uploads\/2017\/09\/glavna.jpg 700w, https:\/\/development.skcentar.edu.rs\/wp-content\/uploads\/2017\/09\/glavna-300x99.jpg 300w\" sizes=\"auto, (max-width: 700px) 100vw, 700px\" \/><\/span><\/p>\n<p class=\"MsoNormal\" style=\"text-align: justify;\"><span style=\"font-size: 9.0pt; line-height: 115%; font-family: 'Tahoma','sans-serif';\" lang=\"SR-LATN-RS\">\u0160kolski centar sa domom u\u010denika \u201eDositej Obradovi\u0107\u201c je dobio zna\u010dajnu donaciju knjiga od strane izdava\u010da koji su svoja izdanja izlagali na Jesenjem sajmu knjiga ispred Gradske ku\u0107e, u novembru mesecu.<\/span><\/p>\n<p><!--more--><\/p>\n<p class=\"MsoNormal\" style=\"text-align: justify;\"><span style=\"font-size: 9.0pt; line-height: 115%; font-family: 'Tahoma','sans-serif';\" lang=\"SR-LATN-RS\">Ukupna vrednost donacije je 30.000 dinara, a svaki od 6 izdava\u010da je donirao knjige u vrednosti od 5.000 dinara. Naslove knjiga su odabrali predstavnici \u0160kolskog centra, vode\u0107i ra\u010duna o edukativnom karakteru istih, kao i interesovanjima u\u010denika. Knjige nam je uru\u010dila Nata\u0161a Aleksi\u0107, \u010dlanica Gradskog ve\u0107a zadu\u017eena za obrazovanje. Ovom donacijom je zna\u010dajno obnovljena \u0161kolska biblioteka, a izdava\u010di koji su u\u010destvovali u ovoj akciji su: Mali princ, Begen Comerc, Book, Makibook, Ezoterija i Beoknjiga.<\/span><\/p>\n<p>\u00a0<\/p>\n<p class=\"MsoNormal\" style=\"text-align: justify;\"><span style=\"font-size: 9.0pt; line-height: 115%; font-family: 'Tahoma','sans-serif';\" lang=\"SR-LATN-RS\">Ovim putem im se neizmerno zahvaljujemo!\u00a0<img loading=\"lazy\" decoding=\"async\" class=\" size-full wp-image-247\" src=\"https:\/\/development.skcentar.edu.rs\/wp-content\/uploads\/2013\/04\/3.jpg\" border=\"0\" alt=\"\" width=\"800\" height=\"600\" srcset=\"https:\/\/development.skcentar.edu.rs\/wp-content\/uploads\/2013\/04\/3.jpg 800w, https:\/\/development.skcentar.edu.rs\/wp-content\/uploads\/2013\/04\/3-300x225.jpg 300w, https:\/\/development.skcentar.edu.rs\/wp-content\/uploads\/2013\/04\/3-768x576.jpg 768w\" sizes=\"auto, (max-width: 800px) 100vw, 800px\" \/><img loading=\"lazy\" decoding=\"async\" class=\" size-full wp-image-245\" src=\"https:\/\/development.skcentar.edu.rs\/wp-content\/uploads\/2013\/04\/1.jpg\" border=\"0\" alt=\"\" width=\"800\" height=\"600\" srcset=\"https:\/\/development.skcentar.edu.rs\/wp-content\/uploads\/2013\/04\/1.jpg 800w, https:\/\/development.skcentar.edu.rs\/wp-content\/uploads\/2013\/04\/1-300x225.jpg 300w, https:\/\/development.skcentar.edu.rs\/wp-content\/uploads\/2013\/04\/1-768x576.jpg 768w\" sizes=\"auto, (max-width: 800px) 100vw, 800px\" \/><img loading=\"lazy\" decoding=\"async\" class=\" size-full wp-image-246\" src=\"https:\/\/development.skcentar.edu.rs\/wp-content\/uploads\/2013\/04\/2.jpg\" border=\"0\" alt=\"\" width=\"800\" height=\"600\" srcset=\"https:\/\/development.skcentar.edu.rs\/wp-content\/uploads\/2013\/04\/2.jpg 800w, https:\/\/development.skcentar.edu.rs\/wp-content\/uploads\/2013\/04\/2-300x225.jpg 300w, https:\/\/development.skcentar.edu.rs\/wp-content\/uploads\/2013\/04\/2-768x576.jpg 768w\" sizes=\"auto, (max-width: 800px) 100vw, 800px\" \/><\/span><\/p>\n","protected":false},"excerpt":{"rendered":"<p>\u0160kolski centar sa domom u\u010denika \u201eDositej Obradovi\u0107\u201c je dobio zna\u010dajnu donaciju knjiga od strane izdava\u010da koji su svoja izdanja izlagali na Jesenjem sajmu knjiga ispred Gradske ku\u0107e, u novembru mesecu.<\/p>\n","protected":false},"author":1,"featured_media":544,"comment_status":"open","ping_status":"open","sticky":true,"template":"","format":"standard","meta":{"footnotes":""},"categories":[4],"tags":[],"class_list":["post-588","post","type-post","status-publish","format-standard","has-post-thumbnail","hentry","category-uncategorised"],"_links":{"self":[{"href":"https:\/\/development.skcentar.edu.rs\/index.php\/wp-json\/wp\/v2\/posts\/588","targetHints":{"allow":["GET"]}}],"collection":[{"href":"https:\/\/development.skcentar.edu.rs\/index.php\/wp-json\/wp\/v2\/posts"}],"about":[{"href":"https:\/\/development.skcentar.edu.rs\/index.php\/wp-json\/wp\/v2\/types\/post"}],"author":[{"embeddable":true,"href":"https:\/\/development.skcentar.edu.rs\/index.php\/wp-json\/wp\/v2\/users\/1"}],"replies":[{"embeddable":true,"href":"https:\/\/development.skcentar.edu.rs\/index.php\/wp-json\/wp\/v2\/comments?post=588"}],"version-history":[{"count":0,"href":"https:\/\/development.skcentar.edu.rs\/index.php\/wp-json\/wp\/v2\/posts\/588\/revisions"}],"wp:featuredmedia":[{"embeddable":true,"href":"https:\/\/development.skcentar.edu.rs\/index.php\/wp-json\/wp\/v2\/media\/544"}],"wp:attachment":[{"href":"https:\/\/development.skcentar.edu.rs\/index.php\/wp-json\/wp\/v2\/media?parent=588"}],"wp:term":[{"taxonomy":"category","embeddable":true,"href":"https:\/\/development.skcentar.edu.rs\/index.php\/wp-json\/wp\/v2\/categories?post=588"},{"taxonomy":"post_tag","embeddable":true,"href":"https:\/\/development.skcentar.edu.rs\/index.php\/wp-json\/wp\/v2\/tags?post=588"}],"curies":[{"name":"wp","href":"https:\/\/api.w.org\/{rel}","templated":true}]}}