{"id":607,"date":"2017-12-15T23:36:00","date_gmt":"2017-12-15T23:36:00","guid":{"rendered":"https:\/\/development.skcentar.edu.rs\/index.php\/2017\/12\/15\/novogodisnje-izlozbe-2\/"},"modified":"2017-12-15T23:36:00","modified_gmt":"2017-12-15T23:36:00","slug":"novogodisnje-izlozbe-2","status":"publish","type":"post","link":"https:\/\/development.skcentar.edu.rs\/index.php\/2017\/12\/15\/novogodisnje-izlozbe-2\/","title":{"rendered":"Novogodi\u0161nje izlo\u017ebe"},"content":{"rendered":"<p class=\"MsoNormal\"><span style=\"font-size: 12.0pt; line-height: 115%; font-family: 'Arial','sans-serif';\"><img loading=\"lazy\" decoding=\"async\" class=\" size-full wp-image-602\" src=\"https:\/\/development.skcentar.edu.rs\/wp-content\/uploads\/2017\/12\/iz-1.jpg\" border=\"0\" alt=\"\" width=\"1192\" height=\"577\" srcset=\"https:\/\/development.skcentar.edu.rs\/wp-content\/uploads\/2017\/12\/iz-1.jpg 1192w, https:\/\/development.skcentar.edu.rs\/wp-content\/uploads\/2017\/12\/iz-1-300x145.jpg 300w, https:\/\/development.skcentar.edu.rs\/wp-content\/uploads\/2017\/12\/iz-1-1024x496.jpg 1024w, https:\/\/development.skcentar.edu.rs\/wp-content\/uploads\/2017\/12\/iz-1-768x372.jpg 768w\" sizes=\"auto, (max-width: 1192px) 100vw, 1192px\" \/>Povodom praznika u\u010denici\u00a0 \u0160kolskog centra sa domom u\u010denika \u201eDositej Obradovi\u0107\u201c\u00a0 svake godine pripremaju prodajne izlo\u017ebe humanitarnog karaktera.<\/span><\/p>\n<p><!--more--><\/p>\n<p class=\"MsoNormal\"><span style=\"font-size: 12.0pt; line-height: 115%; font-family: 'Arial','sans-serif';\">\u00a0<\/span><span style=\"font-family: Arial, sans-serif; font-size: 12pt;\">Ove godine su u\u010denici bili vredni i sa svojim vaspita\u010dima i nastavnicima realizovali \u010dak \u010detiri izlo\u017ebe. Prva izlo\u017eba je odr\u017eana u zgradi Izvr\u0161nog ve\u0107a AP Vojvodine, 15. XII 2017. godine, u okviru Prodajnog bazara rukotvorina u\u010denika \u0161kola za decu sa smetnjama u razvoju. Naredne tri izlo\u017ebe su odr\u017eane 21. XII na Pravnom fakultetunza privredu i pravosu\u0111e, u O\u0160 \u201eJovan Jovanovi\u0107 \u2013Zmaj\u201c, kao i u prostorijama \u0160kolskog centra \u201eDositej Obradovi\u0107\u201c<\/span><img loading=\"lazy\" decoding=\"async\" class=\" size-full wp-image-603\" src=\"https:\/\/development.skcentar.edu.rs\/wp-content\/uploads\/2017\/12\/iz-2.jpg\" border=\"0\" alt=\"\" style=\"font-family: Arial, sans-serif; font-size: 12pt;\" width=\"671\" height=\"1192\" srcset=\"https:\/\/development.skcentar.edu.rs\/wp-content\/uploads\/2017\/12\/iz-2.jpg 671w, https:\/\/development.skcentar.edu.rs\/wp-content\/uploads\/2017\/12\/iz-2-169x300.jpg 169w, https:\/\/development.skcentar.edu.rs\/wp-content\/uploads\/2017\/12\/iz-2-576x1024.jpg 576w\" sizes=\"auto, (max-width: 671px) 100vw, 671px\" \/><img loading=\"lazy\" decoding=\"async\" class=\" size-full wp-image-604\" src=\"https:\/\/development.skcentar.edu.rs\/wp-content\/uploads\/2017\/12\/iz3.jpg\" border=\"0\" alt=\"\" style=\"font-family: Arial, sans-serif; font-size: 12pt;\" width=\"894\" height=\"1192\" srcset=\"https:\/\/development.skcentar.edu.rs\/wp-content\/uploads\/2017\/12\/iz3.jpg 894w, https:\/\/development.skcentar.edu.rs\/wp-content\/uploads\/2017\/12\/iz3-225x300.jpg 225w, https:\/\/development.skcentar.edu.rs\/wp-content\/uploads\/2017\/12\/iz3-768x1024.jpg 768w\" sizes=\"auto, (max-width: 894px) 100vw, 894px\" \/><img loading=\"lazy\" decoding=\"async\" class=\" size-full wp-image-605\" src=\"https:\/\/development.skcentar.edu.rs\/wp-content\/uploads\/2017\/12\/iz-5.jpg\" border=\"0\" alt=\"\" style=\"font-family: Arial, sans-serif; font-size: 12pt;\" width=\"1192\" height=\"894\" srcset=\"https:\/\/development.skcentar.edu.rs\/wp-content\/uploads\/2017\/12\/iz-5.jpg 1192w, https:\/\/development.skcentar.edu.rs\/wp-content\/uploads\/2017\/12\/iz-5-300x225.jpg 300w, https:\/\/development.skcentar.edu.rs\/wp-content\/uploads\/2017\/12\/iz-5-1024x768.jpg 1024w, https:\/\/development.skcentar.edu.rs\/wp-content\/uploads\/2017\/12\/iz-5-768x576.jpg 768w\" sizes=\"auto, (max-width: 1192px) 100vw, 1192px\" \/><img loading=\"lazy\" decoding=\"async\" class=\" size-full wp-image-606\" src=\"https:\/\/development.skcentar.edu.rs\/wp-content\/uploads\/2017\/12\/iz-4.jpg\" border=\"0\" alt=\"\" style=\"font-family: Arial, sans-serif; font-size: 12pt;\" width=\"1192\" height=\"894\" srcset=\"https:\/\/development.skcentar.edu.rs\/wp-content\/uploads\/2017\/12\/iz-4.jpg 1192w, https:\/\/development.skcentar.edu.rs\/wp-content\/uploads\/2017\/12\/iz-4-300x225.jpg 300w, https:\/\/development.skcentar.edu.rs\/wp-content\/uploads\/2017\/12\/iz-4-1024x768.jpg 1024w, https:\/\/development.skcentar.edu.rs\/wp-content\/uploads\/2017\/12\/iz-4-768x576.jpg 768w\" sizes=\"auto, (max-width: 1192px) 100vw, 1192px\" \/><\/p>\n","protected":false},"excerpt":{"rendered":"<p>Povodom praznika u\u010denici\u00a0 \u0160kolskog centra sa domom u\u010denika \u201eDositej Obradovi\u0107\u201c\u00a0 svake godine pripremaju prodajne izlo\u017ebe humanitarnog karaktera.<\/p>\n","protected":false},"author":1,"featured_media":602,"comment_status":"open","ping_status":"open","sticky":true,"template":"","format":"standard","meta":{"footnotes":""},"categories":[4],"tags":[],"class_list":["post-607","post","type-post","status-publish","format-standard","has-post-thumbnail","hentry","category-uncategorised"],"_links":{"self":[{"href":"https:\/\/development.skcentar.edu.rs\/index.php\/wp-json\/wp\/v2\/posts\/607","targetHints":{"allow":["GET"]}}],"collection":[{"href":"https:\/\/development.skcentar.edu.rs\/index.php\/wp-json\/wp\/v2\/posts"}],"about":[{"href":"https:\/\/development.skcentar.edu.rs\/index.php\/wp-json\/wp\/v2\/types\/post"}],"author":[{"embeddable":true,"href":"https:\/\/development.skcentar.edu.rs\/index.php\/wp-json\/wp\/v2\/users\/1"}],"replies":[{"embeddable":true,"href":"https:\/\/development.skcentar.edu.rs\/index.php\/wp-json\/wp\/v2\/comments?post=607"}],"version-history":[{"count":0,"href":"https:\/\/development.skcentar.edu.rs\/index.php\/wp-json\/wp\/v2\/posts\/607\/revisions"}],"wp:featuredmedia":[{"embeddable":true,"href":"https:\/\/development.skcentar.edu.rs\/index.php\/wp-json\/wp\/v2\/media\/602"}],"wp:attachment":[{"href":"https:\/\/development.skcentar.edu.rs\/index.php\/wp-json\/wp\/v2\/media?parent=607"}],"wp:term":[{"taxonomy":"category","embeddable":true,"href":"https:\/\/development.skcentar.edu.rs\/index.php\/wp-json\/wp\/v2\/categories?post=607"},{"taxonomy":"post_tag","embeddable":true,"href":"https:\/\/development.skcentar.edu.rs\/index.php\/wp-json\/wp\/v2\/tags?post=607"}],"curies":[{"name":"wp","href":"https:\/\/api.w.org\/{rel}","templated":true}]}}