{"id":665,"date":"2019-03-07T00:47:40","date_gmt":"2019-03-07T00:47:40","guid":{"rendered":"https:\/\/development.skcentar.edu.rs\/index.php\/2019\/03\/07\/eko-drugari-u-os-ivan-goran-kovacic\/"},"modified":"2019-03-07T00:47:40","modified_gmt":"2019-03-07T00:47:40","slug":"eko-drugari-u-os-ivan-goran-kovacic","status":"publish","type":"post","link":"https:\/\/development.skcentar.edu.rs\/index.php\/2019\/03\/07\/eko-drugari-u-os-ivan-goran-kovacic\/","title":{"rendered":"Eko drugari  u O\u0160 ,,Ivan Goran Kova\u010di\u0107&#8221;"},"content":{"rendered":"<p><img loading=\"lazy\" decoding=\"async\" class=\" size-full wp-image-544\" src=\"https:\/\/development.skcentar.edu.rs\/wp-content\/uploads\/2017\/09\/glavna.jpg\" border=\"0\" alt=\"\" width=\"700\" height=\"230\" srcset=\"https:\/\/development.skcentar.edu.rs\/wp-content\/uploads\/2017\/09\/glavna.jpg 700w, https:\/\/development.skcentar.edu.rs\/wp-content\/uploads\/2017\/09\/glavna-300x99.jpg 300w\" sizes=\"auto, (max-width: 700px) 100vw, 700px\" \/><\/p>\n<p class=\"MsoNormal\">\u00a0<span style=\"font-family: Arial, sans-serif; font-size: 12pt;\">\u0160kolski centar sa domom u\u010denika &#8220;Dositej Obradovi\u0107&#8221; u\u010destvuje u projektu ,,Za \u010distije i zelenije \u0161kole u Vojvodini\u201c,<\/span><\/p>\n<p><!--more--><\/p>\n<p class=\"MsoNormal\"><span style=\"font-family: Arial, sans-serif; font-size: 12pt;\">koji organizuju Pokrajinski sekretarijat za obrazovanje, propise, upravu i nacionalne manjine-nacionalne zajednice, Pokrajinski sekretarijat za urbanizam i za\u0161titu \u017eivotne sredine, Pokrajinski sekretarijat za energetiku, gra\u0111evinarstvo i saobra\u0107aj, Pokrajinski sekretarijat za socijalnu politiku, demografiju i ravnopravnost polova, Pokrajinski sekretarijat za poljoprivredu, vodoprivredu i \u0161umarstvo u saradnji sa RECAN-fondom za recikla\u017eu limenki i Pokretom gorana Vojvodine.<\/span><\/p>\n<p class=\"MsoNormal\"><span style=\"font-size: 12.0pt; line-height: 115%; font-family: 'Arial','sans-serif';\">Jedna od aktivnosti projekta jeste vr\u0161nja\u010dka edukacija pod nazivom ,,Reciklirajmo zajedno\u201c koju sprovode u\u010denici \u0160kolskog centra, a namenjena je u\u010denicima ni\u017eih razreda osnovnih \u0161kola. Prva edukacija odr\u017eana je razredu I3 u O\u0160 ,,Ivan Goran Kova\u010di\u0107\u201c . Nakon edukacije, u\u010denici su imali su priliku da odigraju kratku igricu\u00a0 i da u\u010destvuju u recikla\u017enoj kreativnoj radionici uz podr\u0161ku u\u010denika \u0160kolskog centra. Dru\u017eenje je zavr\u0161eno smehom i razgovorom uz poslu\u017eenje koje su nam pripremili doma\u0107ini. \u017delimo da se zahvalimo na gostoprimstvu u\u010diteljici Ivani Pape\u0161 Bogosavljev i nadamo se da je ovo samo po\u010detak uspe\u0161ne saradnje i dru\u017eenja u\u010denika na\u0161ih \u0161kola.<\/span><\/p>\n<p class=\"MsoNormal\"><span style=\"font-size: 12.0pt; line-height: 107%; font-family: 'Times New Roman','serif';\"><img loading=\"lazy\" decoding=\"async\" class=\" size-full wp-image-245\" src=\"https:\/\/development.skcentar.edu.rs\/wp-content\/uploads\/2013\/04\/1.jpg\" border=\"0\" alt=\"\" width=\"800\" height=\"600\" srcset=\"https:\/\/development.skcentar.edu.rs\/wp-content\/uploads\/2013\/04\/1.jpg 800w, https:\/\/development.skcentar.edu.rs\/wp-content\/uploads\/2013\/04\/1-300x225.jpg 300w, https:\/\/development.skcentar.edu.rs\/wp-content\/uploads\/2013\/04\/1-768x576.jpg 768w\" sizes=\"auto, (max-width: 800px) 100vw, 800px\" \/><img loading=\"lazy\" decoding=\"async\" class=\" size-full wp-image-660\" src=\"https:\/\/development.skcentar.edu.rs\/wp-content\/uploads\/2019\/03\/53216976_534863740335589_3512346910897733632_n.jpg\" border=\"0\" alt=\"\" width=\"1280\" height=\"960\" srcset=\"https:\/\/development.skcentar.edu.rs\/wp-content\/uploads\/2019\/03\/53216976_534863740335589_3512346910897733632_n.jpg 1280w, https:\/\/development.skcentar.edu.rs\/wp-content\/uploads\/2019\/03\/53216976_534863740335589_3512346910897733632_n-300x225.jpg 300w, https:\/\/development.skcentar.edu.rs\/wp-content\/uploads\/2019\/03\/53216976_534863740335589_3512346910897733632_n-1024x768.jpg 1024w, https:\/\/development.skcentar.edu.rs\/wp-content\/uploads\/2019\/03\/53216976_534863740335589_3512346910897733632_n-768x576.jpg 768w\" sizes=\"auto, (max-width: 1280px) 100vw, 1280px\" \/><img loading=\"lazy\" decoding=\"async\" class=\" size-full wp-image-661\" src=\"https:\/\/development.skcentar.edu.rs\/wp-content\/uploads\/2019\/03\/53229530_280518272844871_8851010256466083840_n.jpg\" border=\"0\" alt=\"\" width=\"2016\" height=\"1512\" srcset=\"https:\/\/development.skcentar.edu.rs\/wp-content\/uploads\/2019\/03\/53229530_280518272844871_8851010256466083840_n.jpg 2016w, https:\/\/development.skcentar.edu.rs\/wp-content\/uploads\/2019\/03\/53229530_280518272844871_8851010256466083840_n-300x225.jpg 300w, https:\/\/development.skcentar.edu.rs\/wp-content\/uploads\/2019\/03\/53229530_280518272844871_8851010256466083840_n-1024x768.jpg 1024w, https:\/\/development.skcentar.edu.rs\/wp-content\/uploads\/2019\/03\/53229530_280518272844871_8851010256466083840_n-768x576.jpg 768w, https:\/\/development.skcentar.edu.rs\/wp-content\/uploads\/2019\/03\/53229530_280518272844871_8851010256466083840_n-1536x1152.jpg 1536w\" sizes=\"auto, (max-width: 2016px) 100vw, 2016px\" \/><img loading=\"lazy\" decoding=\"async\" class=\" size-full wp-image-662\" src=\"https:\/\/development.skcentar.edu.rs\/wp-content\/uploads\/2019\/03\/53280683_2257488144494405_8498818299629404160_n.jpg\" border=\"0\" alt=\"\" width=\"2016\" height=\"1512\" srcset=\"https:\/\/development.skcentar.edu.rs\/wp-content\/uploads\/2019\/03\/53280683_2257488144494405_8498818299629404160_n.jpg 2016w, https:\/\/development.skcentar.edu.rs\/wp-content\/uploads\/2019\/03\/53280683_2257488144494405_8498818299629404160_n-300x225.jpg 300w, https:\/\/development.skcentar.edu.rs\/wp-content\/uploads\/2019\/03\/53280683_2257488144494405_8498818299629404160_n-1024x768.jpg 1024w, https:\/\/development.skcentar.edu.rs\/wp-content\/uploads\/2019\/03\/53280683_2257488144494405_8498818299629404160_n-768x576.jpg 768w, https:\/\/development.skcentar.edu.rs\/wp-content\/uploads\/2019\/03\/53280683_2257488144494405_8498818299629404160_n-1536x1152.jpg 1536w\" sizes=\"auto, (max-width: 2016px) 100vw, 2016px\" \/><img loading=\"lazy\" decoding=\"async\" class=\" size-full wp-image-663\" src=\"https:\/\/development.skcentar.edu.rs\/wp-content\/uploads\/2019\/03\/53362999_358211301688307_6329183615498321920_n.jpg\" border=\"0\" alt=\"\" width=\"1280\" height=\"960\" srcset=\"https:\/\/development.skcentar.edu.rs\/wp-content\/uploads\/2019\/03\/53362999_358211301688307_6329183615498321920_n.jpg 1280w, https:\/\/development.skcentar.edu.rs\/wp-content\/uploads\/2019\/03\/53362999_358211301688307_6329183615498321920_n-300x225.jpg 300w, https:\/\/development.skcentar.edu.rs\/wp-content\/uploads\/2019\/03\/53362999_358211301688307_6329183615498321920_n-1024x768.jpg 1024w, https:\/\/development.skcentar.edu.rs\/wp-content\/uploads\/2019\/03\/53362999_358211301688307_6329183615498321920_n-768x576.jpg 768w\" sizes=\"auto, (max-width: 1280px) 100vw, 1280px\" \/><img loading=\"lazy\" decoding=\"async\" class=\" size-full wp-image-664\" src=\"https:\/\/development.skcentar.edu.rs\/wp-content\/uploads\/2019\/03\/54398970_398812577347358_5679993085300310016_n.jpg\" border=\"0\" alt=\"\" width=\"2016\" height=\"1512\" srcset=\"https:\/\/development.skcentar.edu.rs\/wp-content\/uploads\/2019\/03\/54398970_398812577347358_5679993085300310016_n.jpg 2016w, https:\/\/development.skcentar.edu.rs\/wp-content\/uploads\/2019\/03\/54398970_398812577347358_5679993085300310016_n-300x225.jpg 300w, https:\/\/development.skcentar.edu.rs\/wp-content\/uploads\/2019\/03\/54398970_398812577347358_5679993085300310016_n-1024x768.jpg 1024w, https:\/\/development.skcentar.edu.rs\/wp-content\/uploads\/2019\/03\/54398970_398812577347358_5679993085300310016_n-768x576.jpg 768w, https:\/\/development.skcentar.edu.rs\/wp-content\/uploads\/2019\/03\/54398970_398812577347358_5679993085300310016_n-1536x1152.jpg 1536w\" sizes=\"auto, (max-width: 2016px) 100vw, 2016px\" \/><\/span><\/p>\n","protected":false},"excerpt":{"rendered":"<p>\u00a0\u0160kolski centar sa domom u\u010denika &#8220;Dositej Obradovi\u0107&#8221; u\u010destvuje u projektu ,,Za \u010distije i zelenije \u0161kole u Vojvodini\u201c,<\/p>\n","protected":false},"author":1,"featured_media":544,"comment_status":"open","ping_status":"open","sticky":true,"template":"","format":"standard","meta":{"footnotes":""},"categories":[4],"tags":[],"class_list":["post-665","post","type-post","status-publish","format-standard","has-post-thumbnail","hentry","category-uncategorised"],"_links":{"self":[{"href":"https:\/\/development.skcentar.edu.rs\/index.php\/wp-json\/wp\/v2\/posts\/665","targetHints":{"allow":["GET"]}}],"collection":[{"href":"https:\/\/development.skcentar.edu.rs\/index.php\/wp-json\/wp\/v2\/posts"}],"about":[{"href":"https:\/\/development.skcentar.edu.rs\/index.php\/wp-json\/wp\/v2\/types\/post"}],"author":[{"embeddable":true,"href":"https:\/\/development.skcentar.edu.rs\/index.php\/wp-json\/wp\/v2\/users\/1"}],"replies":[{"embeddable":true,"href":"https:\/\/development.skcentar.edu.rs\/index.php\/wp-json\/wp\/v2\/comments?post=665"}],"version-history":[{"count":0,"href":"https:\/\/development.skcentar.edu.rs\/index.php\/wp-json\/wp\/v2\/posts\/665\/revisions"}],"wp:featuredmedia":[{"embeddable":true,"href":"https:\/\/development.skcentar.edu.rs\/index.php\/wp-json\/wp\/v2\/media\/544"}],"wp:attachment":[{"href":"https:\/\/development.skcentar.edu.rs\/index.php\/wp-json\/wp\/v2\/media?parent=665"}],"wp:term":[{"taxonomy":"category","embeddable":true,"href":"https:\/\/development.skcentar.edu.rs\/index.php\/wp-json\/wp\/v2\/categories?post=665"},{"taxonomy":"post_tag","embeddable":true,"href":"https:\/\/development.skcentar.edu.rs\/index.php\/wp-json\/wp\/v2\/tags?post=665"}],"curies":[{"name":"wp","href":"https:\/\/api.w.org\/{rel}","templated":true}]}}