{"id":701,"date":"2019-09-23T22:07:00","date_gmt":"2019-09-23T22:07:00","guid":{"rendered":"https:\/\/development.skcentar.edu.rs\/index.php\/2019\/09\/23\/zumba\/"},"modified":"2019-09-23T22:07:00","modified_gmt":"2019-09-23T22:07:00","slug":"zumba","status":"publish","type":"post","link":"https:\/\/development.skcentar.edu.rs\/index.php\/2019\/09\/23\/zumba\/","title":{"rendered":"Zumba nastup"},"content":{"rendered":"<p class=\"MsoNormal\" style=\"mso-margin-top-alt: auto; mso-margin-bottom-alt: auto; line-height: normal;\"><span style=\"font-size: 12.0pt; font-family: 'Arial',sans-serif; mso-fareast-font-family: 'Times New Roman'; mso-ansi-language: SR-LATN-RS; mso-fareast-language: SR-LATN-RS;\"><img loading=\"lazy\" decoding=\"async\" class=\" size-full wp-image-692\" src=\"https:\/\/development.skcentar.edu.rs\/wp-content\/uploads\/2019\/09\/Glavna.jpg\" border=\"0\" alt=\"\" width=\"800\" height=\"301\" srcset=\"https:\/\/development.skcentar.edu.rs\/wp-content\/uploads\/2019\/09\/Glavna.jpg 800w, https:\/\/development.skcentar.edu.rs\/wp-content\/uploads\/2019\/09\/Glavna-300x113.jpg 300w, https:\/\/development.skcentar.edu.rs\/wp-content\/uploads\/2019\/09\/Glavna-768x289.jpg 768w\" sizes=\"auto, (max-width: 800px) 100vw, 800px\" \/><\/span><\/p>\n<p class=\"MsoNormal\" style=\"mso-margin-top-alt: auto; mso-margin-bottom-alt: auto; line-height: normal;\"><span style=\"font-size: 12.0pt; font-family: 'Arial',sans-serif; mso-fareast-font-family: 'Times New Roman'; mso-ansi-language: SR-LATN-RS; mso-fareast-language: SR-LATN-RS;\">Tradicionalno, u okviru Internacionalnog festivala pozori\u0161ta za decu odr\u017ean je nastup Zumbe u centru grada. Ove godine pod nazivom &#8220;Uli\u010dni program&#8221;.<\/span><\/p>\n<p><!--more--><\/p>\n<p class=\"MsoNormal\" style=\"mso-margin-top-alt: auto; mso-margin-bottom-alt: auto; line-height: normal;\"><span style=\"font-size: 12.0pt; font-family: 'Arial',sans-serif; mso-fareast-font-family: 'Times New Roman'; mso-ansi-language: SR-LATN-RS; mso-fareast-language: SR-LATN-RS;\">Osim devoj\u010dica koje pohadjaju &#8220;Zu Su Kids&#8221; i Zumba sekciju u na\u0161oj \u0161koli, svako je mogao da nam se priklju\u010di i da ple\u0161e sa nama. Prelepo ve\u010de uz divnu muziku i mnogo plesa priredili smo na\u0161em gradu!<\/span><\/p>\n<p class=\"MsoNormal\" style=\"mso-margin-top-alt: auto; mso-margin-bottom-alt: auto; line-height: normal;\"><span style=\"font-size: 12.0pt; font-family: 'Arial',sans-serif; mso-fareast-font-family: 'Times New Roman'; mso-ansi-language: SR-LATN-RS; mso-fareast-language: SR-LATN-RS;\"><img loading=\"lazy\" decoding=\"async\" class=\" size-full wp-image-698\" src=\"https:\/\/development.skcentar.edu.rs\/wp-content\/uploads\/2019\/09\/Zumba-nastup-3.jpg\" border=\"0\" alt=\"\" width=\"960\" height=\"960\" srcset=\"https:\/\/development.skcentar.edu.rs\/wp-content\/uploads\/2019\/09\/Zumba-nastup-3.jpg 960w, https:\/\/development.skcentar.edu.rs\/wp-content\/uploads\/2019\/09\/Zumba-nastup-3-300x300.jpg 300w, https:\/\/development.skcentar.edu.rs\/wp-content\/uploads\/2019\/09\/Zumba-nastup-3-150x150.jpg 150w, https:\/\/development.skcentar.edu.rs\/wp-content\/uploads\/2019\/09\/Zumba-nastup-3-768x768.jpg 768w\" sizes=\"auto, (max-width: 960px) 100vw, 960px\" \/><img loading=\"lazy\" decoding=\"async\" class=\" size-full wp-image-699\" src=\"https:\/\/development.skcentar.edu.rs\/wp-content\/uploads\/2019\/09\/Zumba-nastup-1.jpg\" border=\"0\" alt=\"\" width=\"960\" height=\"960\" srcset=\"https:\/\/development.skcentar.edu.rs\/wp-content\/uploads\/2019\/09\/Zumba-nastup-1.jpg 960w, https:\/\/development.skcentar.edu.rs\/wp-content\/uploads\/2019\/09\/Zumba-nastup-1-300x300.jpg 300w, https:\/\/development.skcentar.edu.rs\/wp-content\/uploads\/2019\/09\/Zumba-nastup-1-150x150.jpg 150w, https:\/\/development.skcentar.edu.rs\/wp-content\/uploads\/2019\/09\/Zumba-nastup-1-768x768.jpg 768w\" sizes=\"auto, (max-width: 960px) 100vw, 960px\" \/><img loading=\"lazy\" decoding=\"async\" class=\" size-full wp-image-700\" src=\"https:\/\/development.skcentar.edu.rs\/wp-content\/uploads\/2019\/09\/Zumba-nastup-2.jpg\" border=\"0\" alt=\"\" width=\"960\" height=\"960\" srcset=\"https:\/\/development.skcentar.edu.rs\/wp-content\/uploads\/2019\/09\/Zumba-nastup-2.jpg 960w, https:\/\/development.skcentar.edu.rs\/wp-content\/uploads\/2019\/09\/Zumba-nastup-2-300x300.jpg 300w, https:\/\/development.skcentar.edu.rs\/wp-content\/uploads\/2019\/09\/Zumba-nastup-2-150x150.jpg 150w, https:\/\/development.skcentar.edu.rs\/wp-content\/uploads\/2019\/09\/Zumba-nastup-2-768x768.jpg 768w\" sizes=\"auto, (max-width: 960px) 100vw, 960px\" \/><\/span><\/p>\n","protected":false},"excerpt":{"rendered":"<p>Tradicionalno, u okviru Internacionalnog festivala pozori\u0161ta za decu odr\u017ean je nastup Zumbe u centru grada. Ove godine pod nazivom &#8220;Uli\u010dni program&#8221;.<\/p>\n","protected":false},"author":1,"featured_media":692,"comment_status":"open","ping_status":"open","sticky":true,"template":"","format":"standard","meta":{"footnotes":""},"categories":[4],"tags":[],"class_list":["post-701","post","type-post","status-publish","format-standard","has-post-thumbnail","hentry","category-uncategorised"],"_links":{"self":[{"href":"https:\/\/development.skcentar.edu.rs\/index.php\/wp-json\/wp\/v2\/posts\/701","targetHints":{"allow":["GET"]}}],"collection":[{"href":"https:\/\/development.skcentar.edu.rs\/index.php\/wp-json\/wp\/v2\/posts"}],"about":[{"href":"https:\/\/development.skcentar.edu.rs\/index.php\/wp-json\/wp\/v2\/types\/post"}],"author":[{"embeddable":true,"href":"https:\/\/development.skcentar.edu.rs\/index.php\/wp-json\/wp\/v2\/users\/1"}],"replies":[{"embeddable":true,"href":"https:\/\/development.skcentar.edu.rs\/index.php\/wp-json\/wp\/v2\/comments?post=701"}],"version-history":[{"count":0,"href":"https:\/\/development.skcentar.edu.rs\/index.php\/wp-json\/wp\/v2\/posts\/701\/revisions"}],"wp:featuredmedia":[{"embeddable":true,"href":"https:\/\/development.skcentar.edu.rs\/index.php\/wp-json\/wp\/v2\/media\/692"}],"wp:attachment":[{"href":"https:\/\/development.skcentar.edu.rs\/index.php\/wp-json\/wp\/v2\/media?parent=701"}],"wp:term":[{"taxonomy":"category","embeddable":true,"href":"https:\/\/development.skcentar.edu.rs\/index.php\/wp-json\/wp\/v2\/categories?post=701"},{"taxonomy":"post_tag","embeddable":true,"href":"https:\/\/development.skcentar.edu.rs\/index.php\/wp-json\/wp\/v2\/tags?post=701"}],"curies":[{"name":"wp","href":"https:\/\/api.w.org\/{rel}","templated":true}]}}