{"id":706,"date":"2019-09-23T22:12:00","date_gmt":"2019-09-23T22:12:00","guid":{"rendered":"https:\/\/development.skcentar.edu.rs\/index.php\/2019\/09\/23\/predstava-bajka-o-ribaru-i-ribici\/"},"modified":"2019-09-23T22:12:00","modified_gmt":"2019-09-23T22:12:00","slug":"predstava-bajka-o-ribaru-i-ribici","status":"publish","type":"post","link":"https:\/\/development.skcentar.edu.rs\/index.php\/2019\/09\/23\/predstava-bajka-o-ribaru-i-ribici\/","title":{"rendered":"Predstava &#8220;Bajka o ribaru i ribici&#8221;"},"content":{"rendered":"<p style=\"font-size: 12.16px;\"><span style=\"font-size: 12.0pt; line-height: 107%; font-family: 'Arial',sans-serif; mso-fareast-font-family: 'Times New Roman'; mso-ansi-language: SR-LATN-RS; mso-fareast-language: SR-LATN-RS; mso-bidi-language: AR-SA;\"><img loading=\"lazy\" decoding=\"async\" class=\" size-full wp-image-692\" src=\"https:\/\/development.skcentar.edu.rs\/wp-content\/uploads\/2019\/09\/Glavna.jpg\" border=\"0\" alt=\"\" width=\"800\" height=\"301\" srcset=\"https:\/\/development.skcentar.edu.rs\/wp-content\/uploads\/2019\/09\/Glavna.jpg 800w, https:\/\/development.skcentar.edu.rs\/wp-content\/uploads\/2019\/09\/Glavna-300x113.jpg 300w, https:\/\/development.skcentar.edu.rs\/wp-content\/uploads\/2019\/09\/Glavna-768x289.jpg 768w\" sizes=\"auto, (max-width: 800px) 100vw, 800px\" \/><\/span><\/p>\n<p style=\"font-size: 12.16px;\"><span style=\"font-size: 12.0pt; line-height: 107%; font-family: 'Arial',sans-serif; mso-fareast-font-family: 'Times New Roman'; mso-ansi-language: SR-LATN-RS; mso-fareast-language: SR-LATN-RS; mso-bidi-language: AR-SA;\">Danas je 20 u\u010denika na\u0161e \u0161kole posetilo De\u010dje pozori\u0161te u Subotici.<\/span><\/p>\n<p><!--more--><\/p>\n<p style=\"font-size: 12.16px;\"><span style=\"font-size: 12.0pt; line-height: 107%; font-family: 'Arial',sans-serif; mso-fareast-font-family: 'Times New Roman'; mso-ansi-language: SR-LATN-RS; mso-fareast-language: SR-LATN-RS; mso-bidi-language: AR-SA;\">Gledali smo predstavu &#8216;Bajka o ribaru i ribici&#8217; u okviru Medjunarodnog festivala pozori\u0161ta za decu.<\/span><\/p>\n<p style=\"font-size: 12.16px;\"><span style=\"font-size: 12.0pt; line-height: 107%; font-family: 'Arial',sans-serif; mso-fareast-font-family: 'Times New Roman'; mso-ansi-language: SR-LATN-RS; mso-fareast-language: SR-LATN-RS; mso-bidi-language: AR-SA;\"><img loading=\"lazy\" decoding=\"async\" class=\" size-full wp-image-702\" src=\"https:\/\/development.skcentar.edu.rs\/wp-content\/uploads\/2019\/09\/Bajka-o-ribaru-i-ribici-1.jpg\" border=\"0\" alt=\"\" width=\"960\" height=\"960\" srcset=\"https:\/\/development.skcentar.edu.rs\/wp-content\/uploads\/2019\/09\/Bajka-o-ribaru-i-ribici-1.jpg 960w, https:\/\/development.skcentar.edu.rs\/wp-content\/uploads\/2019\/09\/Bajka-o-ribaru-i-ribici-1-300x300.jpg 300w, https:\/\/development.skcentar.edu.rs\/wp-content\/uploads\/2019\/09\/Bajka-o-ribaru-i-ribici-1-150x150.jpg 150w, https:\/\/development.skcentar.edu.rs\/wp-content\/uploads\/2019\/09\/Bajka-o-ribaru-i-ribici-1-768x768.jpg 768w\" sizes=\"auto, (max-width: 960px) 100vw, 960px\" \/><img loading=\"lazy\" decoding=\"async\" class=\" size-full wp-image-703\" src=\"https:\/\/development.skcentar.edu.rs\/wp-content\/uploads\/2019\/09\/Bajka-o-ribaru-i-ribici-2.jpg\" border=\"0\" alt=\"\" width=\"960\" height=\"960\" srcset=\"https:\/\/development.skcentar.edu.rs\/wp-content\/uploads\/2019\/09\/Bajka-o-ribaru-i-ribici-2.jpg 960w, https:\/\/development.skcentar.edu.rs\/wp-content\/uploads\/2019\/09\/Bajka-o-ribaru-i-ribici-2-300x300.jpg 300w, https:\/\/development.skcentar.edu.rs\/wp-content\/uploads\/2019\/09\/Bajka-o-ribaru-i-ribici-2-150x150.jpg 150w, https:\/\/development.skcentar.edu.rs\/wp-content\/uploads\/2019\/09\/Bajka-o-ribaru-i-ribici-2-768x768.jpg 768w\" sizes=\"auto, (max-width: 960px) 100vw, 960px\" \/><img loading=\"lazy\" decoding=\"async\" class=\" size-full wp-image-704\" src=\"https:\/\/development.skcentar.edu.rs\/wp-content\/uploads\/2019\/09\/Bajka-o-ribaru-i-ribici-3.jpg\" border=\"0\" alt=\"\" width=\"960\" height=\"960\" srcset=\"https:\/\/development.skcentar.edu.rs\/wp-content\/uploads\/2019\/09\/Bajka-o-ribaru-i-ribici-3.jpg 960w, https:\/\/development.skcentar.edu.rs\/wp-content\/uploads\/2019\/09\/Bajka-o-ribaru-i-ribici-3-300x300.jpg 300w, https:\/\/development.skcentar.edu.rs\/wp-content\/uploads\/2019\/09\/Bajka-o-ribaru-i-ribici-3-150x150.jpg 150w, https:\/\/development.skcentar.edu.rs\/wp-content\/uploads\/2019\/09\/Bajka-o-ribaru-i-ribici-3-768x768.jpg 768w\" sizes=\"auto, (max-width: 960px) 100vw, 960px\" \/><img loading=\"lazy\" decoding=\"async\" class=\" size-full wp-image-705\" src=\"https:\/\/development.skcentar.edu.rs\/wp-content\/uploads\/2019\/09\/Bajka-o-ribaru-i-ribici-4.jpg\" border=\"0\" alt=\"\" width=\"960\" height=\"960\" srcset=\"https:\/\/development.skcentar.edu.rs\/wp-content\/uploads\/2019\/09\/Bajka-o-ribaru-i-ribici-4.jpg 960w, https:\/\/development.skcentar.edu.rs\/wp-content\/uploads\/2019\/09\/Bajka-o-ribaru-i-ribici-4-300x300.jpg 300w, https:\/\/development.skcentar.edu.rs\/wp-content\/uploads\/2019\/09\/Bajka-o-ribaru-i-ribici-4-150x150.jpg 150w, https:\/\/development.skcentar.edu.rs\/wp-content\/uploads\/2019\/09\/Bajka-o-ribaru-i-ribici-4-768x768.jpg 768w\" sizes=\"auto, (max-width: 960px) 100vw, 960px\" \/><\/span><\/p>\n","protected":false},"excerpt":{"rendered":"<p>Danas je 20 u\u010denika na\u0161e \u0161kole posetilo De\u010dje pozori\u0161te u Subotici.<\/p>\n","protected":false},"author":1,"featured_media":692,"comment_status":"open","ping_status":"open","sticky":true,"template":"","format":"standard","meta":{"footnotes":""},"categories":[4],"tags":[],"class_list":["post-706","post","type-post","status-publish","format-standard","has-post-thumbnail","hentry","category-uncategorised"],"_links":{"self":[{"href":"https:\/\/development.skcentar.edu.rs\/index.php\/wp-json\/wp\/v2\/posts\/706","targetHints":{"allow":["GET"]}}],"collection":[{"href":"https:\/\/development.skcentar.edu.rs\/index.php\/wp-json\/wp\/v2\/posts"}],"about":[{"href":"https:\/\/development.skcentar.edu.rs\/index.php\/wp-json\/wp\/v2\/types\/post"}],"author":[{"embeddable":true,"href":"https:\/\/development.skcentar.edu.rs\/index.php\/wp-json\/wp\/v2\/users\/1"}],"replies":[{"embeddable":true,"href":"https:\/\/development.skcentar.edu.rs\/index.php\/wp-json\/wp\/v2\/comments?post=706"}],"version-history":[{"count":0,"href":"https:\/\/development.skcentar.edu.rs\/index.php\/wp-json\/wp\/v2\/posts\/706\/revisions"}],"wp:featuredmedia":[{"embeddable":true,"href":"https:\/\/development.skcentar.edu.rs\/index.php\/wp-json\/wp\/v2\/media\/692"}],"wp:attachment":[{"href":"https:\/\/development.skcentar.edu.rs\/index.php\/wp-json\/wp\/v2\/media?parent=706"}],"wp:term":[{"taxonomy":"category","embeddable":true,"href":"https:\/\/development.skcentar.edu.rs\/index.php\/wp-json\/wp\/v2\/categories?post=706"},{"taxonomy":"post_tag","embeddable":true,"href":"https:\/\/development.skcentar.edu.rs\/index.php\/wp-json\/wp\/v2\/tags?post=706"}],"curies":[{"name":"wp","href":"https:\/\/api.w.org\/{rel}","templated":true}]}}