{"id":712,"date":"2019-09-26T22:22:00","date_gmt":"2019-09-26T22:22:00","guid":{"rendered":"https:\/\/development.skcentar.edu.rs\/index.php\/2019\/09\/26\/susreti-skola\/"},"modified":"2019-09-26T22:22:00","modified_gmt":"2019-09-26T22:22:00","slug":"susreti-skola","status":"publish","type":"post","link":"https:\/\/development.skcentar.edu.rs\/index.php\/2019\/09\/26\/susreti-skola\/","title":{"rendered":"Susreti \u0161kola"},"content":{"rendered":"<p><span style=\"font-size: 12pt; line-height: 107%; font-family: Arial, sans-serif; color: #1c1e21; background-image: initial; background-position: initial; background-size: initial; background-repeat: initial; background-attachment: initial; background-origin: initial; background-clip: initial;\" lang=\"EN-US\"><img loading=\"lazy\" decoding=\"async\" class=\" size-full wp-image-692\" src=\"https:\/\/development.skcentar.edu.rs\/wp-content\/uploads\/2019\/09\/Glavna.jpg\" border=\"0\" alt=\"\" width=\"800\" height=\"301\" srcset=\"https:\/\/development.skcentar.edu.rs\/wp-content\/uploads\/2019\/09\/Glavna.jpg 800w, https:\/\/development.skcentar.edu.rs\/wp-content\/uploads\/2019\/09\/Glavna-300x113.jpg 300w, https:\/\/development.skcentar.edu.rs\/wp-content\/uploads\/2019\/09\/Glavna-768x289.jpg 768w\" sizes=\"auto, (max-width: 800px) 100vw, 800px\" \/><\/span><\/p>\n<p><span style=\"font-size: 12pt; line-height: 107%; font-family: Arial, sans-serif; color: #1c1e21; background-image: initial; background-position: initial; background-size: initial; background-repeat: initial; background-attachment: initial; background-origin: initial; background-clip: initial;\" lang=\"EN-US\">Od 26.09. &#8211; 29.09. Ugostili smo \u0161kole Kozmutza Flora Cluj iz Rumunije i Klug P\u00e9ter iz Segedina.<\/span><\/p>\n<p><!--more--><\/p>\n<p><span style=\"font-size: 12pt; line-height: 107%; font-family: Arial, sans-serif; color: #1c1e21; background-image: initial; background-position: initial; background-size: initial; background-repeat: initial; background-attachment: initial; background-origin: initial; background-clip: initial;\" lang=\"EN-US\">Osim dru\u017eenja u na\u0161oj \u0161koli, posetili smo Sala\u0161 Bala\u017eevi\u0107, Tavankut i Smederevo<\/span><\/p>\n<p><span style=\"font-size: 12pt; line-height: 107%; font-family: Arial, sans-serif; color: #1c1e21; background-image: initial; background-position: initial; background-size: initial; background-repeat: initial; background-attachment: initial; background-origin: initial; background-clip: initial;\" lang=\"EN-US\"><img loading=\"lazy\" decoding=\"async\" class=\" size-full wp-image-707\" src=\"https:\/\/development.skcentar.edu.rs\/wp-content\/uploads\/2019\/09\/Susreti-skola-1.jpg\" border=\"0\" alt=\"\" width=\"853\" height=\"853\" srcset=\"https:\/\/development.skcentar.edu.rs\/wp-content\/uploads\/2019\/09\/Susreti-skola-1.jpg 853w, https:\/\/development.skcentar.edu.rs\/wp-content\/uploads\/2019\/09\/Susreti-skola-1-300x300.jpg 300w, https:\/\/development.skcentar.edu.rs\/wp-content\/uploads\/2019\/09\/Susreti-skola-1-150x150.jpg 150w, https:\/\/development.skcentar.edu.rs\/wp-content\/uploads\/2019\/09\/Susreti-skola-1-768x768.jpg 768w\" sizes=\"auto, (max-width: 853px) 100vw, 853px\" \/><img loading=\"lazy\" decoding=\"async\" class=\" size-full wp-image-708\" src=\"https:\/\/development.skcentar.edu.rs\/wp-content\/uploads\/2019\/09\/Susreti-skola-2.jpg\" border=\"0\" alt=\"\" width=\"853\" height=\"853\" srcset=\"https:\/\/development.skcentar.edu.rs\/wp-content\/uploads\/2019\/09\/Susreti-skola-2.jpg 853w, https:\/\/development.skcentar.edu.rs\/wp-content\/uploads\/2019\/09\/Susreti-skola-2-300x300.jpg 300w, https:\/\/development.skcentar.edu.rs\/wp-content\/uploads\/2019\/09\/Susreti-skola-2-150x150.jpg 150w, https:\/\/development.skcentar.edu.rs\/wp-content\/uploads\/2019\/09\/Susreti-skola-2-768x768.jpg 768w\" sizes=\"auto, (max-width: 853px) 100vw, 853px\" \/><img loading=\"lazy\" decoding=\"async\" class=\" size-full wp-image-709\" src=\"https:\/\/development.skcentar.edu.rs\/wp-content\/uploads\/2019\/09\/Susreti-skola-3.jpg\" border=\"0\" alt=\"\" width=\"960\" height=\"960\" srcset=\"https:\/\/development.skcentar.edu.rs\/wp-content\/uploads\/2019\/09\/Susreti-skola-3.jpg 960w, https:\/\/development.skcentar.edu.rs\/wp-content\/uploads\/2019\/09\/Susreti-skola-3-300x300.jpg 300w, https:\/\/development.skcentar.edu.rs\/wp-content\/uploads\/2019\/09\/Susreti-skola-3-150x150.jpg 150w, https:\/\/development.skcentar.edu.rs\/wp-content\/uploads\/2019\/09\/Susreti-skola-3-768x768.jpg 768w\" sizes=\"auto, (max-width: 960px) 100vw, 960px\" \/><img loading=\"lazy\" decoding=\"async\" class=\" size-full wp-image-710\" src=\"https:\/\/development.skcentar.edu.rs\/wp-content\/uploads\/2019\/09\/Susreti-skola-4.jpg\" border=\"0\" alt=\"\" width=\"853\" height=\"853\" srcset=\"https:\/\/development.skcentar.edu.rs\/wp-content\/uploads\/2019\/09\/Susreti-skola-4.jpg 853w, https:\/\/development.skcentar.edu.rs\/wp-content\/uploads\/2019\/09\/Susreti-skola-4-300x300.jpg 300w, https:\/\/development.skcentar.edu.rs\/wp-content\/uploads\/2019\/09\/Susreti-skola-4-150x150.jpg 150w, https:\/\/development.skcentar.edu.rs\/wp-content\/uploads\/2019\/09\/Susreti-skola-4-768x768.jpg 768w\" sizes=\"auto, (max-width: 853px) 100vw, 853px\" \/><img loading=\"lazy\" decoding=\"async\" class=\" size-full wp-image-711\" src=\"https:\/\/development.skcentar.edu.rs\/wp-content\/uploads\/2019\/09\/Susreti-skola-5.jpg\" border=\"0\" alt=\"\" width=\"853\" height=\"853\" srcset=\"https:\/\/development.skcentar.edu.rs\/wp-content\/uploads\/2019\/09\/Susreti-skola-5.jpg 853w, https:\/\/development.skcentar.edu.rs\/wp-content\/uploads\/2019\/09\/Susreti-skola-5-300x300.jpg 300w, https:\/\/development.skcentar.edu.rs\/wp-content\/uploads\/2019\/09\/Susreti-skola-5-150x150.jpg 150w, https:\/\/development.skcentar.edu.rs\/wp-content\/uploads\/2019\/09\/Susreti-skola-5-768x768.jpg 768w\" sizes=\"auto, (max-width: 853px) 100vw, 853px\" \/><\/span><\/p>\n","protected":false},"excerpt":{"rendered":"<p>Od 26.09. &#8211; 29.09. Ugostili smo \u0161kole Kozmutza Flora Cluj iz Rumunije i Klug P\u00e9ter iz Segedina.<\/p>\n","protected":false},"author":1,"featured_media":692,"comment_status":"open","ping_status":"open","sticky":true,"template":"","format":"standard","meta":{"footnotes":""},"categories":[4],"tags":[],"class_list":["post-712","post","type-post","status-publish","format-standard","has-post-thumbnail","hentry","category-uncategorised"],"_links":{"self":[{"href":"https:\/\/development.skcentar.edu.rs\/index.php\/wp-json\/wp\/v2\/posts\/712","targetHints":{"allow":["GET"]}}],"collection":[{"href":"https:\/\/development.skcentar.edu.rs\/index.php\/wp-json\/wp\/v2\/posts"}],"about":[{"href":"https:\/\/development.skcentar.edu.rs\/index.php\/wp-json\/wp\/v2\/types\/post"}],"author":[{"embeddable":true,"href":"https:\/\/development.skcentar.edu.rs\/index.php\/wp-json\/wp\/v2\/users\/1"}],"replies":[{"embeddable":true,"href":"https:\/\/development.skcentar.edu.rs\/index.php\/wp-json\/wp\/v2\/comments?post=712"}],"version-history":[{"count":0,"href":"https:\/\/development.skcentar.edu.rs\/index.php\/wp-json\/wp\/v2\/posts\/712\/revisions"}],"wp:featuredmedia":[{"embeddable":true,"href":"https:\/\/development.skcentar.edu.rs\/index.php\/wp-json\/wp\/v2\/media\/692"}],"wp:attachment":[{"href":"https:\/\/development.skcentar.edu.rs\/index.php\/wp-json\/wp\/v2\/media?parent=712"}],"wp:term":[{"taxonomy":"category","embeddable":true,"href":"https:\/\/development.skcentar.edu.rs\/index.php\/wp-json\/wp\/v2\/categories?post=712"},{"taxonomy":"post_tag","embeddable":true,"href":"https:\/\/development.skcentar.edu.rs\/index.php\/wp-json\/wp\/v2\/tags?post=712"}],"curies":[{"name":"wp","href":"https:\/\/api.w.org\/{rel}","templated":true}]}}