{"id":754,"date":"2020-10-08T22:11:00","date_gmt":"2020-10-08T22:11:00","guid":{"rendered":"https:\/\/development.skcentar.edu.rs\/index.php\/2020\/10\/08\/gradsko-takmicenje-u-stonom-tenisu\/"},"modified":"2020-10-08T22:11:00","modified_gmt":"2020-10-08T22:11:00","slug":"gradsko-takmicenje-u-stonom-tenisu","status":"publish","type":"post","link":"https:\/\/development.skcentar.edu.rs\/index.php\/2020\/10\/08\/gradsko-takmicenje-u-stonom-tenisu\/","title":{"rendered":"Gradsko takmi\u010denje u stonom tenisu"},"content":{"rendered":"<p>\u00a0<img loading=\"lazy\" decoding=\"async\" class=\" size-full wp-image-750\" src=\"https:\/\/development.skcentar.edu.rs\/wp-content\/uploads\/2020\/10\/Glavna.jpg\" border=\"0\" alt=\"\" width=\"800\" height=\"301\" srcset=\"https:\/\/development.skcentar.edu.rs\/wp-content\/uploads\/2020\/10\/Glavna.jpg 800w, https:\/\/development.skcentar.edu.rs\/wp-content\/uploads\/2020\/10\/Glavna-300x113.jpg 300w, https:\/\/development.skcentar.edu.rs\/wp-content\/uploads\/2020\/10\/Glavna-768x289.jpg 768w\" sizes=\"auto, (max-width: 800px) 100vw, 800px\" \/><\/p>\n<p><span style=\"font-size: 11pt; line-height: 115%; font-family: Arial, sans-serif; color: #1c1e21; background-image: initial; background-position: initial; background-size: initial; background-repeat: initial; background-attachment: initial; background-origin: initial; background-clip: initial;\">U Hali sportova odr\u017eano je gradsko takmi\u010denje osnovnih i srednjih \u0161kola u stonom tenisu.<\/span><\/p>\n<p><!--more--><\/p>\n<p><span style=\"font-size: 11.0pt; line-height: 115%; font-family: 'Arial','sans-serif'; mso-fareast-font-family: Calibri; mso-fareast-theme-font: minor-latin; color: #1c1e21; mso-ansi-language: EN-US; mso-fareast-language: EN-US; mso-bidi-language: AR-SA;\"><span style=\"background-image: initial; background-position: initial; background-size: initial; background-repeat: initial; background-attachment: initial; background-origin: initial; background-clip: initial;\">Na\u0161e devojcice su ekipno osvojile 1. Mesto!<\/span><br \/> <span style=\"background-image: initial; background-position: initial; background-size: initial; background-repeat: initial; background-attachment: initial; background-origin: initial; background-clip: initial;\">Na\u0161i de\u010daci su ekipno osvojili 3. Mesto!<\/span><br \/> <span style=\"background-image: initial; background-position: initial; background-size: initial; background-repeat: initial; background-attachment: initial; background-origin: initial; background-clip: initial;\">A u pojedina\u010dnom takmi\u010denju osvojili smo drugo i tre\u0107e mesto!\u00a0<\/span><\/span><\/p>\n<p><span style=\"font-size: 11.0pt; line-height: 115%; font-family: 'Arial','sans-serif'; mso-fareast-font-family: Calibri; mso-fareast-theme-font: minor-latin; color: #1c1e21; mso-ansi-language: EN-US; mso-fareast-language: EN-US; mso-bidi-language: AR-SA;\"><span style=\"background-image: initial; background-position: initial; background-size: initial; background-repeat: initial; background-attachment: initial; background-origin: initial; background-clip: initial;\"><img loading=\"lazy\" decoding=\"async\" class=\" size-full wp-image-245\" src=\"https:\/\/development.skcentar.edu.rs\/wp-content\/uploads\/2013\/04\/1.jpg\" border=\"0\" alt=\"\" width=\"800\" height=\"600\" srcset=\"https:\/\/development.skcentar.edu.rs\/wp-content\/uploads\/2013\/04\/1.jpg 800w, https:\/\/development.skcentar.edu.rs\/wp-content\/uploads\/2013\/04\/1-300x225.jpg 300w, https:\/\/development.skcentar.edu.rs\/wp-content\/uploads\/2013\/04\/1-768x576.jpg 768w\" sizes=\"auto, (max-width: 800px) 100vw, 800px\" \/><\/span><\/span><\/p>\n<p><span style=\"font-size: 11.0pt; line-height: 115%; font-family: 'Arial','sans-serif'; mso-fareast-font-family: Calibri; mso-fareast-theme-font: minor-latin; color: #1c1e21; mso-ansi-language: EN-US; mso-fareast-language: EN-US; mso-bidi-language: AR-SA;\"><span style=\"background-image: initial; background-position: initial; background-size: initial; background-repeat: initial; background-attachment: initial; background-origin: initial; background-clip: initial;\"><br \/><\/span><\/span><\/p>\n","protected":false},"excerpt":{"rendered":"<p>\u00a0 U Hali sportova odr\u017eano je gradsko takmi\u010denje osnovnih i srednjih \u0161kola u stonom tenisu.<\/p>\n","protected":false},"author":1,"featured_media":750,"comment_status":"open","ping_status":"open","sticky":true,"template":"","format":"standard","meta":{"footnotes":""},"categories":[4],"tags":[],"class_list":["post-754","post","type-post","status-publish","format-standard","has-post-thumbnail","hentry","category-uncategorised"],"_links":{"self":[{"href":"https:\/\/development.skcentar.edu.rs\/index.php\/wp-json\/wp\/v2\/posts\/754","targetHints":{"allow":["GET"]}}],"collection":[{"href":"https:\/\/development.skcentar.edu.rs\/index.php\/wp-json\/wp\/v2\/posts"}],"about":[{"href":"https:\/\/development.skcentar.edu.rs\/index.php\/wp-json\/wp\/v2\/types\/post"}],"author":[{"embeddable":true,"href":"https:\/\/development.skcentar.edu.rs\/index.php\/wp-json\/wp\/v2\/users\/1"}],"replies":[{"embeddable":true,"href":"https:\/\/development.skcentar.edu.rs\/index.php\/wp-json\/wp\/v2\/comments?post=754"}],"version-history":[{"count":0,"href":"https:\/\/development.skcentar.edu.rs\/index.php\/wp-json\/wp\/v2\/posts\/754\/revisions"}],"wp:featuredmedia":[{"embeddable":true,"href":"https:\/\/development.skcentar.edu.rs\/index.php\/wp-json\/wp\/v2\/media\/750"}],"wp:attachment":[{"href":"https:\/\/development.skcentar.edu.rs\/index.php\/wp-json\/wp\/v2\/media?parent=754"}],"wp:term":[{"taxonomy":"category","embeddable":true,"href":"https:\/\/development.skcentar.edu.rs\/index.php\/wp-json\/wp\/v2\/categories?post=754"},{"taxonomy":"post_tag","embeddable":true,"href":"https:\/\/development.skcentar.edu.rs\/index.php\/wp-json\/wp\/v2\/tags?post=754"}],"curies":[{"name":"wp","href":"https:\/\/api.w.org\/{rel}","templated":true}]}}