{"id":755,"date":"2020-10-21T22:14:59","date_gmt":"2020-10-21T22:14:59","guid":{"rendered":"https:\/\/development.skcentar.edu.rs\/index.php\/2020\/10\/21\/poseta-ucenika-o-s-ivan-goran-kovacic\/"},"modified":"2020-10-21T22:14:59","modified_gmt":"2020-10-21T22:14:59","slug":"poseta-ucenika-o-s-ivan-goran-kovacic","status":"publish","type":"post","link":"https:\/\/development.skcentar.edu.rs\/index.php\/2020\/10\/21\/poseta-ucenika-o-s-ivan-goran-kovacic\/","title":{"rendered":"Poseta u\u010denika O.\u0160. Ivan Goran Kova\u010di\u0107"},"content":{"rendered":"<p>\u00a0<img loading=\"lazy\" decoding=\"async\" class=\" size-full wp-image-750\" src=\"https:\/\/development.skcentar.edu.rs\/wp-content\/uploads\/2020\/10\/Glavna.jpg\" border=\"0\" alt=\"\" width=\"800\" height=\"301\" srcset=\"https:\/\/development.skcentar.edu.rs\/wp-content\/uploads\/2020\/10\/Glavna.jpg 800w, https:\/\/development.skcentar.edu.rs\/wp-content\/uploads\/2020\/10\/Glavna-300x113.jpg 300w, https:\/\/development.skcentar.edu.rs\/wp-content\/uploads\/2020\/10\/Glavna-768x289.jpg 768w\" sizes=\"auto, (max-width: 800px) 100vw, 800px\" \/><\/p>\n<p class=\"MsoNormal\"><span style=\"font-family: 'Arial','sans-serif'; color: #1c1e21; background: white;\">Danas smo ugostili u\u010denike i u\u010ditelje O.\u0160. Ivan Goran Kova\u010di\u0107.<\/span><\/p>\n<p><!--more--><\/p>\n<p class=\"MsoNormal\"><span style=\"font-family: 'Arial','sans-serif'; color: #1c1e21; background: white;\">Hvala na divnom dru\u017eenju i poklonima.<\/span><\/p>\n<p class=\"MsoNormal\"><span style=\"font-family: 'Arial','sans-serif'; color: #1c1e21; background: white;\"><img loading=\"lazy\" decoding=\"async\" class=\" size-full wp-image-246\" src=\"https:\/\/development.skcentar.edu.rs\/wp-content\/uploads\/2013\/04\/2.jpg\" border=\"0\" alt=\"\" width=\"800\" height=\"600\" srcset=\"https:\/\/development.skcentar.edu.rs\/wp-content\/uploads\/2013\/04\/2.jpg 800w, https:\/\/development.skcentar.edu.rs\/wp-content\/uploads\/2013\/04\/2-300x225.jpg 300w, https:\/\/development.skcentar.edu.rs\/wp-content\/uploads\/2013\/04\/2-768x576.jpg 768w\" sizes=\"auto, (max-width: 800px) 100vw, 800px\" \/><img loading=\"lazy\" decoding=\"async\" class=\" size-full wp-image-245\" src=\"https:\/\/development.skcentar.edu.rs\/wp-content\/uploads\/2013\/04\/1.jpg\" border=\"0\" alt=\"\" width=\"800\" height=\"600\" srcset=\"https:\/\/development.skcentar.edu.rs\/wp-content\/uploads\/2013\/04\/1.jpg 800w, https:\/\/development.skcentar.edu.rs\/wp-content\/uploads\/2013\/04\/1-300x225.jpg 300w, https:\/\/development.skcentar.edu.rs\/wp-content\/uploads\/2013\/04\/1-768x576.jpg 768w\" sizes=\"auto, (max-width: 800px) 100vw, 800px\" \/><img loading=\"lazy\" decoding=\"async\" class=\" size-full wp-image-247\" src=\"https:\/\/development.skcentar.edu.rs\/wp-content\/uploads\/2013\/04\/3.jpg\" border=\"0\" alt=\"\" width=\"800\" height=\"600\" srcset=\"https:\/\/development.skcentar.edu.rs\/wp-content\/uploads\/2013\/04\/3.jpg 800w, https:\/\/development.skcentar.edu.rs\/wp-content\/uploads\/2013\/04\/3-300x225.jpg 300w, https:\/\/development.skcentar.edu.rs\/wp-content\/uploads\/2013\/04\/3-768x576.jpg 768w\" sizes=\"auto, (max-width: 800px) 100vw, 800px\" \/><\/span><\/p>\n","protected":false},"excerpt":{"rendered":"<p>\u00a0 Danas smo ugostili u\u010denike i u\u010ditelje O.\u0160. Ivan Goran Kova\u010di\u0107.<\/p>\n","protected":false},"author":1,"featured_media":750,"comment_status":"open","ping_status":"open","sticky":true,"template":"","format":"standard","meta":{"footnotes":""},"categories":[4],"tags":[],"class_list":["post-755","post","type-post","status-publish","format-standard","has-post-thumbnail","hentry","category-uncategorised"],"_links":{"self":[{"href":"https:\/\/development.skcentar.edu.rs\/index.php\/wp-json\/wp\/v2\/posts\/755","targetHints":{"allow":["GET"]}}],"collection":[{"href":"https:\/\/development.skcentar.edu.rs\/index.php\/wp-json\/wp\/v2\/posts"}],"about":[{"href":"https:\/\/development.skcentar.edu.rs\/index.php\/wp-json\/wp\/v2\/types\/post"}],"author":[{"embeddable":true,"href":"https:\/\/development.skcentar.edu.rs\/index.php\/wp-json\/wp\/v2\/users\/1"}],"replies":[{"embeddable":true,"href":"https:\/\/development.skcentar.edu.rs\/index.php\/wp-json\/wp\/v2\/comments?post=755"}],"version-history":[{"count":0,"href":"https:\/\/development.skcentar.edu.rs\/index.php\/wp-json\/wp\/v2\/posts\/755\/revisions"}],"wp:featuredmedia":[{"embeddable":true,"href":"https:\/\/development.skcentar.edu.rs\/index.php\/wp-json\/wp\/v2\/media\/750"}],"wp:attachment":[{"href":"https:\/\/development.skcentar.edu.rs\/index.php\/wp-json\/wp\/v2\/media?parent=755"}],"wp:term":[{"taxonomy":"category","embeddable":true,"href":"https:\/\/development.skcentar.edu.rs\/index.php\/wp-json\/wp\/v2\/categories?post=755"},{"taxonomy":"post_tag","embeddable":true,"href":"https:\/\/development.skcentar.edu.rs\/index.php\/wp-json\/wp\/v2\/tags?post=755"}],"curies":[{"name":"wp","href":"https:\/\/api.w.org\/{rel}","templated":true}]}}