{"id":767,"date":"2021-02-22T10:17:00","date_gmt":"2021-02-22T10:17:00","guid":{"rendered":"https:\/\/development.skcentar.edu.rs\/index.php\/2021\/02\/22\/kada-se-javiti-defektologu\/"},"modified":"2021-02-22T10:17:00","modified_gmt":"2021-02-22T10:17:00","slug":"kada-se-javiti-defektologu","status":"publish","type":"post","link":"https:\/\/development.skcentar.edu.rs\/index.php\/2021\/02\/22\/kada-se-javiti-defektologu\/","title":{"rendered":"Kada se javiti defektologu?"},"content":{"rendered":"<p class=\"MsoNormal\" style=\"margin-bottom: .0001pt;\"><span style=\"font-size: 12.0pt; line-height: 115%; font-family: 'Arial','sans-serif'; mso-fareast-font-family: 'Times New Roman'; mso-ansi-language: DE;\" lang=\"DE\"><img loading=\"lazy\" decoding=\"async\" class=\" size-full wp-image-766\" src=\"https:\/\/development.skcentar.edu.rs\/wp-content\/uploads\/2021\/02\/Kada-se-javiti-strucnjaku.jpg\" border=\"0\" alt=\"\" width=\"600\" height=\"490\" srcset=\"https:\/\/development.skcentar.edu.rs\/wp-content\/uploads\/2021\/02\/Kada-se-javiti-strucnjaku.jpg 600w, https:\/\/development.skcentar.edu.rs\/wp-content\/uploads\/2021\/02\/Kada-se-javiti-strucnjaku-300x245.jpg 300w\" sizes=\"auto, (max-width: 600px) 100vw, 600px\" \/><\/span><\/p>\n<p class=\"MsoNormal\" style=\"margin-bottom: .0001pt;\"><span style=\"font-size: 12.0pt; line-height: 115%; font-family: 'Arial','sans-serif'; mso-fareast-font-family: 'Times New Roman'; mso-ansi-language: DE;\" lang=\"DE\">\u010cesto se postavlja pitanje kada je pravo vreme da se obratite defektologu?\u00a0 Ne postoji pogre\u0161no vreme, bitno je da prepoznate tu potrebu i potra\u017eite pomo\u0107 za svoje dete.<\/span><\/p>\n<p><!--more--><\/p>\n<p class=\"MsoNormal\" style=\"margin-bottom: .0001pt;\"><span style=\"font-size: 12.0pt; line-height: 115%; font-family: 'Arial','sans-serif'; mso-fareast-font-family: 'Times New Roman'; mso-ansi-language: DE;\" lang=\"DE\">Evo u kojim situacijama treba kontaktirati defektologa:<\/span><\/p>\n<p class=\"MsoNormal\" style=\"margin-bottom: .0001pt;\"><span style=\"font-size: 12.0pt; line-height: 115%; font-family: 'Arial','sans-serif'; mso-fareast-font-family: 'Times New Roman';\">&#8211;<\/span><span style=\"font-size: 12.0pt; line-height: 115%; font-family: 'Arial','sans-serif'; mso-fareast-font-family: 'Times New Roman'; mso-ansi-language: DE;\" lang=\"DE\"> kada je dete ro\u0111eno sa riziko faktorom,<\/span><\/p>\n<p class=\"MsoNormal\" style=\"margin-bottom: .0001pt;\"><span style=\"font-size: 12.0pt; line-height: 115%; font-family: 'Arial','sans-serif'; mso-fareast-font-family: 'Times New Roman';\">&#8211;<\/span><span style=\"font-size: 12.0pt; line-height: 115%; font-family: 'Arial','sans-serif'; mso-fareast-font-family: 'Times New Roman'; mso-ansi-language: DE;\" lang=\"DE\"> kada kasni motori\u010dki razvoj,<\/span><\/p>\n<p class=\"MsoNormal\" style=\"margin-bottom: .0001pt;\"><span style=\"font-size: 12.0pt; line-height: 115%; font-family: 'Arial','sans-serif'; mso-fareast-font-family: 'Times New Roman';\">&#8211;<\/span><span style=\"font-size: 12.0pt; line-height: 115%; font-family: 'Arial','sans-serif'; mso-fareast-font-family: 'Times New Roman'; mso-ansi-language: DE;\" lang=\"DE\"> kada kasni govorno-jezi\u010dki razvoj,<br \/> <\/span><\/p>\n<p class=\"MsoNormal\" style=\"margin-bottom: .0001pt;\"><span style=\"font-size: 12.0pt; line-height: 115%; font-family: 'Arial','sans-serif'; mso-fareast-font-family: 'Times New Roman';\">&#8211;<\/span><span style=\"font-size: 12.0pt; line-height: 115%; font-family: 'Arial','sans-serif'; mso-fareast-font-family: 'Times New Roman'; mso-ansi-language: DE;\" lang=\"DE\"> kada kasni socio-emocionalni razvoj (npr. dete ne uspostavlja kontakt o\u010dima, ne odaziva se na ime, igra se svodi na igranje samo sa delovima igra\u010daka i to traje du\u017ei vremenski period\u2026),<br \/> <\/span><\/p>\n<p class=\"MsoNormal\" style=\"margin-bottom: .0001pt;\"><span style=\"font-size: 12.0pt; line-height: 115%; font-family: 'Arial','sans-serif'; mso-fareast-font-family: 'Times New Roman';\">&#8211;<\/span><span style=\"font-size: 12.0pt; line-height: 115%; font-family: 'Arial','sans-serif'; mso-fareast-font-family: 'Times New Roman'; mso-ansi-language: DE;\" lang=\"DE\"> kada dete ima problem sa finom motorikom i grafomotorikom,<br \/> <\/span><\/p>\n<p class=\"MsoNormal\" style=\"margin-bottom: .0001pt;\"><span style=\"font-size: 12.0pt; line-height: 115%; font-family: 'Arial','sans-serif'; mso-fareast-font-family: 'Times New Roman';\">&#8211;<\/span><span style=\"font-size: 12.0pt; line-height: 115%; font-family: 'Arial','sans-serif'; mso-fareast-font-family: 'Times New Roman'; mso-ansi-language: DE;\" lang=\"DE\"> kada dete ima problem sa \u010ditanjem i\/ili pisanjem,<br \/> <\/span><\/p>\n<p class=\"MsoNormal\" style=\"margin-bottom: .0001pt;\"><span style=\"font-size: 12.0pt; line-height: 115%; font-family: 'Arial','sans-serif'; mso-fareast-font-family: 'Times New Roman';\">&#8211;<\/span><span style=\"font-size: 12.0pt; line-height: 115%; font-family: 'Arial','sans-serif'; mso-fareast-font-family: 'Times New Roman'; mso-ansi-language: DE;\"> <span lang=\"DE\">kada dete ima problem sa u\u010denjem,<br \/> <\/span><\/span><\/p>\n<p class=\"MsoNormal\" style=\"margin-bottom: .0001pt;\"><span style=\"font-size: 12.0pt; line-height: 115%; font-family: 'Arial','sans-serif'; mso-fareast-font-family: 'Times New Roman';\">&#8211;<\/span><span style=\"font-size: 12.0pt; line-height: 115%; font-family: 'Arial','sans-serif'; mso-fareast-font-family: 'Times New Roman'; mso-ansi-language: DE;\" lang=\"DE\"> kada je dete previ\u0161e ili premalo osetljivo na stimuluse iz okru\u017eenja.<\/p>\n<p> Pogre\u0161no je uverenje da defektolozi rade samo sa decom\/odraslima sa smetnjama u razvoju, defektolozi (u zavisnosti od samih afiniteta defektologa) rade i sa decom i odraslima tipi\u010dne populacije.<\/p>\n<p> Sama uloga defektologa u stimulaciji razvoja mo\u017ee biti u vidu stimulacije razvoja motorike, koja je baza razvoja ostalih ve\u0161tina i sposobnosti, razvoj kognicije (saznajni razvoj), razvoj govora, kao i socio-emocionalni razvoj.<\/span><\/p>\n<p class=\"MsoNormal\" style=\"margin-bottom: .0001pt;\"><span style=\"font-size: 12.0pt; line-height: 115%; font-family: 'Arial','sans-serif'; mso-fareast-font-family: 'Times New Roman'; mso-ansi-language: DE; mso-fareast-language: EN-US; mso-bidi-language: AR-SA;\" lang=\"DE\">Za savet i razgovor sa stru\u010dnim licem nikada nije RANO. Kada odvedete dete kod defektologa ne zna\u010di automatski da otpo\u010dinjete sa tretmanima. Mo\u017eete dobiti samo smernice \u0161ta raditi, koliko i kako stimulisati dete, pratiti razvoj, kog drugog stru\u010dnjaka konsultovati&#8230;<\/span><span style=\"font-size: 12.0pt; line-height: 115%; font-family: 'Cambria Math','serif'; mso-fareast-font-family: 'Times New Roman'; mso-bidi-font-family: 'Cambria Math'; mso-ansi-language: DE; mso-fareast-language: EN-US; mso-bidi-language: AR-SA;\" lang=\"DE\">\u2063<\/span><span style=\"font-size: 12.0pt; line-height: 115%; font-family: 'Arial','sans-serif'; mso-fareast-font-family: 'Times New Roman'; mso-ansi-language: DE; mso-fareast-language: EN-US; mso-bidi-language: AR-SA;\" lang=\"DE\"><\/p>\n<p> I \u0161to je najva\u017enije, NIJE SRAMOTA odvesti dete kod defektologa. To je za njegovo dobro i vi \u0107ete biti mirniji kada dobijete neke odgovore.<\/span><\/p>\n<p class=\"MsoNormal\" style=\"margin-bottom: .0001pt;\"><span style=\"font-size: 12.0pt; line-height: 115%; font-family: 'Arial','sans-serif'; mso-fareast-font-family: 'Times New Roman'; mso-ansi-language: DE;\" lang=\"DE\">\u00a0<\/span><\/p>\n<p class=\"MsoNormal\" style=\"margin-bottom: .0001pt;\">\u00a0<\/p>\n","protected":false},"excerpt":{"rendered":"<p>\u010cesto se postavlja pitanje kada je pravo vreme da se obratite defektologu?\u00a0 Ne postoji pogre\u0161no vreme, bitno je da prepoznate tu potrebu i potra\u017eite pomo\u0107 za svoje dete.<\/p>\n","protected":false},"author":1,"featured_media":766,"comment_status":"open","ping_status":"open","sticky":false,"template":"","format":"standard","meta":{"footnotes":""},"categories":[21],"tags":[],"class_list":["post-767","post","type-post","status-publish","format-standard","has-post-thumbnail","hentry","category-saveti-strucnjaka"],"_links":{"self":[{"href":"https:\/\/development.skcentar.edu.rs\/index.php\/wp-json\/wp\/v2\/posts\/767","targetHints":{"allow":["GET"]}}],"collection":[{"href":"https:\/\/development.skcentar.edu.rs\/index.php\/wp-json\/wp\/v2\/posts"}],"about":[{"href":"https:\/\/development.skcentar.edu.rs\/index.php\/wp-json\/wp\/v2\/types\/post"}],"author":[{"embeddable":true,"href":"https:\/\/development.skcentar.edu.rs\/index.php\/wp-json\/wp\/v2\/users\/1"}],"replies":[{"embeddable":true,"href":"https:\/\/development.skcentar.edu.rs\/index.php\/wp-json\/wp\/v2\/comments?post=767"}],"version-history":[{"count":0,"href":"https:\/\/development.skcentar.edu.rs\/index.php\/wp-json\/wp\/v2\/posts\/767\/revisions"}],"wp:featuredmedia":[{"embeddable":true,"href":"https:\/\/development.skcentar.edu.rs\/index.php\/wp-json\/wp\/v2\/media\/766"}],"wp:attachment":[{"href":"https:\/\/development.skcentar.edu.rs\/index.php\/wp-json\/wp\/v2\/media?parent=767"}],"wp:term":[{"taxonomy":"category","embeddable":true,"href":"https:\/\/development.skcentar.edu.rs\/index.php\/wp-json\/wp\/v2\/categories?post=767"},{"taxonomy":"post_tag","embeddable":true,"href":"https:\/\/development.skcentar.edu.rs\/index.php\/wp-json\/wp\/v2\/tags?post=767"}],"curies":[{"name":"wp","href":"https:\/\/api.w.org\/{rel}","templated":true}]}}