{"id":790,"date":"2021-09-20T22:44:30","date_gmt":"2021-09-20T22:44:30","guid":{"rendered":"https:\/\/development.skcentar.edu.rs\/index.php\/2021\/09\/20\/cuti-i-razumeti-3\/"},"modified":"2021-09-20T22:44:30","modified_gmt":"2021-09-20T22:44:30","slug":"cuti-i-razumeti-3","status":"publish","type":"post","link":"https:\/\/development.skcentar.edu.rs\/index.php\/2021\/09\/20\/cuti-i-razumeti-3\/","title":{"rendered":"\u010cuti i razumeti"},"content":{"rendered":"<p><img loading=\"lazy\" decoding=\"async\" class=\" size-full wp-image-788\" src=\"https:\/\/development.skcentar.edu.rs\/wp-content\/uploads\/2021\/09\/Glavna.jpg\" border=\"0\" alt=\"\" width=\"600\" height=\"301\" srcset=\"https:\/\/development.skcentar.edu.rs\/wp-content\/uploads\/2021\/09\/Glavna.jpg 600w, https:\/\/development.skcentar.edu.rs\/wp-content\/uploads\/2021\/09\/Glavna-300x151.jpg 300w\" sizes=\"auto, (max-width: 600px) 100vw, 600px\" \/><\/p>\n<p class=\"MsoNormal\"><span style=\"font-size: 14.0pt; line-height: 115%; mso-ansi-language: SR-LATN-RS;\" lang=\"SR-LATN-RS\">U\u010denici na\u0161e \u0161kole bili su deo manifestacije posve\u0107ene osobama o\u0161te\u0107enog sluha \u201e\u010cuti i razumeti\u201c u organizaciji \u201eAudiovoks\u201c.<\/span><\/p>\n<p><!--more--><\/p>\n<p class=\"MsoNormal\"><span style=\"font-size: 14.0pt; line-height: 115%; mso-ansi-language: SR-LATN-RS;\" lang=\"SR-LATN-RS\">Manifestacija se odr\u017eavala u Beogradu povodom Svetske nedelje gluvih i nagluvih osoba , pa su se na\u0161i u\u010denici u pratnji vaspita\u010dice Mirjane Kova\u010dec i nastavnice Sonje Pil uputili na jednodnevni izlet .Posetili su Muzej tehnike i nauke, vozili se Veselim tramvajem, obi\u0161li prirodnja\u010dki muzej i Kalemegdan.Dru\u017eenju sa u\u010desnicima su se pridru\u017eili i Prljavi Inspektor Bla\u017ea i Ana \u0160tajdohar.<\/span><\/p>\n<p class=\"MsoNormal\"><span style=\"font-size: 14.0pt; line-height: 115%; mso-ansi-language: SR-LATN-RS;\" lang=\"SR-LATN-RS\"><img loading=\"lazy\" decoding=\"async\" class=\" size-full wp-image-245\" src=\"https:\/\/development.skcentar.edu.rs\/wp-content\/uploads\/2013\/04\/1.jpg\" border=\"0\" alt=\"\" width=\"800\" height=\"600\" srcset=\"https:\/\/development.skcentar.edu.rs\/wp-content\/uploads\/2013\/04\/1.jpg 800w, https:\/\/development.skcentar.edu.rs\/wp-content\/uploads\/2013\/04\/1-300x225.jpg 300w, https:\/\/development.skcentar.edu.rs\/wp-content\/uploads\/2013\/04\/1-768x576.jpg 768w\" sizes=\"auto, (max-width: 800px) 100vw, 800px\" \/><img loading=\"lazy\" decoding=\"async\" class=\" size-full wp-image-246\" src=\"https:\/\/development.skcentar.edu.rs\/wp-content\/uploads\/2013\/04\/2.jpg\" border=\"0\" alt=\"\" width=\"800\" height=\"600\" srcset=\"https:\/\/development.skcentar.edu.rs\/wp-content\/uploads\/2013\/04\/2.jpg 800w, https:\/\/development.skcentar.edu.rs\/wp-content\/uploads\/2013\/04\/2-300x225.jpg 300w, https:\/\/development.skcentar.edu.rs\/wp-content\/uploads\/2013\/04\/2-768x576.jpg 768w\" sizes=\"auto, (max-width: 800px) 100vw, 800px\" \/><img loading=\"lazy\" decoding=\"async\" class=\" size-full wp-image-247\" src=\"https:\/\/development.skcentar.edu.rs\/wp-content\/uploads\/2013\/04\/3.jpg\" border=\"0\" alt=\"\" width=\"800\" height=\"600\" srcset=\"https:\/\/development.skcentar.edu.rs\/wp-content\/uploads\/2013\/04\/3.jpg 800w, https:\/\/development.skcentar.edu.rs\/wp-content\/uploads\/2013\/04\/3-300x225.jpg 300w, https:\/\/development.skcentar.edu.rs\/wp-content\/uploads\/2013\/04\/3-768x576.jpg 768w\" sizes=\"auto, (max-width: 800px) 100vw, 800px\" \/><img loading=\"lazy\" decoding=\"async\" class=\" size-full wp-image-248\" src=\"https:\/\/development.skcentar.edu.rs\/wp-content\/uploads\/2013\/04\/4.jpg\" border=\"0\" alt=\"\" width=\"800\" height=\"600\" srcset=\"https:\/\/development.skcentar.edu.rs\/wp-content\/uploads\/2013\/04\/4.jpg 800w, https:\/\/development.skcentar.edu.rs\/wp-content\/uploads\/2013\/04\/4-300x225.jpg 300w, https:\/\/development.skcentar.edu.rs\/wp-content\/uploads\/2013\/04\/4-768x576.jpg 768w\" sizes=\"auto, (max-width: 800px) 100vw, 800px\" \/><\/span><\/p>\n","protected":false},"excerpt":{"rendered":"<p>U\u010denici na\u0161e \u0161kole bili su deo manifestacije posve\u0107ene osobama o\u0161te\u0107enog sluha \u201e\u010cuti i razumeti\u201c u organizaciji \u201eAudiovoks\u201c.<\/p>\n","protected":false},"author":1,"featured_media":788,"comment_status":"open","ping_status":"open","sticky":true,"template":"","format":"standard","meta":{"footnotes":""},"categories":[4],"tags":[],"class_list":["post-790","post","type-post","status-publish","format-standard","has-post-thumbnail","hentry","category-uncategorised"],"_links":{"self":[{"href":"https:\/\/development.skcentar.edu.rs\/index.php\/wp-json\/wp\/v2\/posts\/790","targetHints":{"allow":["GET"]}}],"collection":[{"href":"https:\/\/development.skcentar.edu.rs\/index.php\/wp-json\/wp\/v2\/posts"}],"about":[{"href":"https:\/\/development.skcentar.edu.rs\/index.php\/wp-json\/wp\/v2\/types\/post"}],"author":[{"embeddable":true,"href":"https:\/\/development.skcentar.edu.rs\/index.php\/wp-json\/wp\/v2\/users\/1"}],"replies":[{"embeddable":true,"href":"https:\/\/development.skcentar.edu.rs\/index.php\/wp-json\/wp\/v2\/comments?post=790"}],"version-history":[{"count":0,"href":"https:\/\/development.skcentar.edu.rs\/index.php\/wp-json\/wp\/v2\/posts\/790\/revisions"}],"wp:featuredmedia":[{"embeddable":true,"href":"https:\/\/development.skcentar.edu.rs\/index.php\/wp-json\/wp\/v2\/media\/788"}],"wp:attachment":[{"href":"https:\/\/development.skcentar.edu.rs\/index.php\/wp-json\/wp\/v2\/media?parent=790"}],"wp:term":[{"taxonomy":"category","embeddable":true,"href":"https:\/\/development.skcentar.edu.rs\/index.php\/wp-json\/wp\/v2\/categories?post=790"},{"taxonomy":"post_tag","embeddable":true,"href":"https:\/\/development.skcentar.edu.rs\/index.php\/wp-json\/wp\/v2\/tags?post=790"}],"curies":[{"name":"wp","href":"https:\/\/api.w.org\/{rel}","templated":true}]}}