{"id":832,"date":"2022-06-27T13:35:57","date_gmt":"2022-06-27T13:35:57","guid":{"rendered":"https:\/\/development.skcentar.edu.rs\/index.php\/2022\/06\/27\/sav1\/"},"modified":"2022-06-27T13:35:57","modified_gmt":"2022-06-27T13:35:57","slug":"sav1","status":"publish","type":"post","link":"https:\/\/development.skcentar.edu.rs\/index.php\/2022\/06\/27\/sav1\/","title":{"rendered":"Savetovali\u0161te"},"content":{"rendered":"<p class=\"MsoNormal\"><span style=\"font-size: 16.0pt; line-height: 115%;\">Dana 20-og maja 2022. godine je, okruglim stolom na temu \u201cPodr\u0161ka deci na ranom uzrastu\u201d, sve\u010dano otvoreno SAVETOVALI\u0160TE \u0160kolskog centra sa domom u\u010denika \u201cDositej Obradovi\u0107\u201d.<\/span><\/p>\n<p class=\"MsoNormal\">\u00a0<\/p>\n<p class=\"MsoNormal\"><span style=\"font-size: 16.0pt; line-height: 115%;\">Savetovali\u0161te pru\u017ea savetodavne usluge porodicama dece sa razvojnim smetnjama ili dece neurorazvojnim faktorima rizika na uzrastu od ro\u0111enja do \u0161este godine. <\/span><span style=\"font-size: 16.0pt; line-height: 115%; mso-bidi-font-family: Calibri; mso-bidi-theme-font: minor-latin;\">Za vi\u0161e informacija kliknite<\/span><span style=\"font-size: 16.0pt; line-height: 115%;\"> <a href=\"http:\/\/skcentar.edu.rs\/savetovali%C5%A1te\" target=\"_self\">OVDE.<\/a><\/span><\/p>\n<p><img loading=\"lazy\" decoding=\"async\" class=\" size-full wp-image-829\" src=\"https:\/\/development.skcentar.edu.rs\/wp-content\/uploads\/2022\/06\/img-0a0afffdd2e1cee9aedb57e7b4a07337-v.jpg\" border=\"0\" alt=\"\" width=\"1080\" height=\"805\" srcset=\"https:\/\/development.skcentar.edu.rs\/wp-content\/uploads\/2022\/06\/img-0a0afffdd2e1cee9aedb57e7b4a07337-v.jpg 1080w, https:\/\/development.skcentar.edu.rs\/wp-content\/uploads\/2022\/06\/img-0a0afffdd2e1cee9aedb57e7b4a07337-v-300x224.jpg 300w, https:\/\/development.skcentar.edu.rs\/wp-content\/uploads\/2022\/06\/img-0a0afffdd2e1cee9aedb57e7b4a07337-v-1024x763.jpg 1024w, https:\/\/development.skcentar.edu.rs\/wp-content\/uploads\/2022\/06\/img-0a0afffdd2e1cee9aedb57e7b4a07337-v-768x572.jpg 768w\" sizes=\"auto, (max-width: 1080px) 100vw, 1080px\" \/><img loading=\"lazy\" decoding=\"async\" class=\" size-full wp-image-830\" src=\"https:\/\/development.skcentar.edu.rs\/wp-content\/uploads\/2022\/06\/img-ed7ebaf6e663d6b9dcd86d8b5c87dac0-v.jpg\" border=\"0\" alt=\"\" width=\"1057\" height=\"806\" srcset=\"https:\/\/development.skcentar.edu.rs\/wp-content\/uploads\/2022\/06\/img-ed7ebaf6e663d6b9dcd86d8b5c87dac0-v.jpg 1057w, https:\/\/development.skcentar.edu.rs\/wp-content\/uploads\/2022\/06\/img-ed7ebaf6e663d6b9dcd86d8b5c87dac0-v-300x229.jpg 300w, https:\/\/development.skcentar.edu.rs\/wp-content\/uploads\/2022\/06\/img-ed7ebaf6e663d6b9dcd86d8b5c87dac0-v-1024x781.jpg 1024w, https:\/\/development.skcentar.edu.rs\/wp-content\/uploads\/2022\/06\/img-ed7ebaf6e663d6b9dcd86d8b5c87dac0-v-768x586.jpg 768w\" sizes=\"auto, (max-width: 1057px) 100vw, 1057px\" \/><img loading=\"lazy\" decoding=\"async\" class=\" size-full wp-image-831\" src=\"https:\/\/development.skcentar.edu.rs\/wp-content\/uploads\/2022\/06\/img-968fe1319df6b903116fe217f07bd04c-v.jpg\" border=\"0\" alt=\"\" width=\"1080\" height=\"810\" srcset=\"https:\/\/development.skcentar.edu.rs\/wp-content\/uploads\/2022\/06\/img-968fe1319df6b903116fe217f07bd04c-v.jpg 1080w, https:\/\/development.skcentar.edu.rs\/wp-content\/uploads\/2022\/06\/img-968fe1319df6b903116fe217f07bd04c-v-300x225.jpg 300w, https:\/\/development.skcentar.edu.rs\/wp-content\/uploads\/2022\/06\/img-968fe1319df6b903116fe217f07bd04c-v-1024x768.jpg 1024w, https:\/\/development.skcentar.edu.rs\/wp-content\/uploads\/2022\/06\/img-968fe1319df6b903116fe217f07bd04c-v-768x576.jpg 768w\" sizes=\"auto, (max-width: 1080px) 100vw, 1080px\" \/><\/p>\n","protected":false},"excerpt":{"rendered":"<p>Dana 20-og maja 2022. godine je, okruglim stolom na temu \u201cPodr\u0161ka deci na ranom uzrastu\u201d, sve\u010dano otvoreno SAVETOVALI\u0160TE \u0160kolskog centra sa domom u\u010denika \u201cDositej Obradovi\u0107\u201d. \u00a0 Savetovali\u0161te pru\u017ea savetodavne usluge porodicama dece sa razvojnim smetnjama ili dece neurorazvojnim faktorima rizika na uzrastu od ro\u0111enja do \u0161este godine. Za vi\u0161e informacija kliknite OVDE.<\/p>\n","protected":false},"author":1,"featured_media":829,"comment_status":"open","ping_status":"open","sticky":false,"template":"","format":"standard","meta":{"footnotes":""},"categories":[7],"tags":[],"class_list":["post-832","post","type-post","status-publish","format-standard","has-post-thumbnail","hentry","category-aktuelno"],"_links":{"self":[{"href":"https:\/\/development.skcentar.edu.rs\/index.php\/wp-json\/wp\/v2\/posts\/832","targetHints":{"allow":["GET"]}}],"collection":[{"href":"https:\/\/development.skcentar.edu.rs\/index.php\/wp-json\/wp\/v2\/posts"}],"about":[{"href":"https:\/\/development.skcentar.edu.rs\/index.php\/wp-json\/wp\/v2\/types\/post"}],"author":[{"embeddable":true,"href":"https:\/\/development.skcentar.edu.rs\/index.php\/wp-json\/wp\/v2\/users\/1"}],"replies":[{"embeddable":true,"href":"https:\/\/development.skcentar.edu.rs\/index.php\/wp-json\/wp\/v2\/comments?post=832"}],"version-history":[{"count":0,"href":"https:\/\/development.skcentar.edu.rs\/index.php\/wp-json\/wp\/v2\/posts\/832\/revisions"}],"wp:featuredmedia":[{"embeddable":true,"href":"https:\/\/development.skcentar.edu.rs\/index.php\/wp-json\/wp\/v2\/media\/829"}],"wp:attachment":[{"href":"https:\/\/development.skcentar.edu.rs\/index.php\/wp-json\/wp\/v2\/media?parent=832"}],"wp:term":[{"taxonomy":"category","embeddable":true,"href":"https:\/\/development.skcentar.edu.rs\/index.php\/wp-json\/wp\/v2\/categories?post=832"},{"taxonomy":"post_tag","embeddable":true,"href":"https:\/\/development.skcentar.edu.rs\/index.php\/wp-json\/wp\/v2\/tags?post=832"}],"curies":[{"name":"wp","href":"https:\/\/api.w.org\/{rel}","templated":true}]}}