{"id":84,"date":"2012-03-14T09:55:00","date_gmt":"2012-03-14T09:55:00","guid":{"rendered":"https:\/\/development.skcentar.edu.rs\/index.php\/2012\/03\/14\/poseta-specijalnoj-skoli-u-segedinu\/"},"modified":"2012-03-14T09:55:00","modified_gmt":"2012-03-14T09:55:00","slug":"poseta-specijalnoj-skoli-u-segedinu","status":"publish","type":"post","link":"https:\/\/development.skcentar.edu.rs\/index.php\/2012\/03\/14\/poseta-specijalnoj-skoli-u-segedinu\/","title":{"rendered":"Poseta specijalnoj \u0161koli u Segedinu"},"content":{"rendered":"<p><img loading=\"lazy\" decoding=\"async\" class=\" size-full wp-image-80\" src=\"https:\/\/development.skcentar.edu.rs\/wp-content\/uploads\/2012\/03\/5v.jpg\" border=\"0\" width=\"599\" height=\"230\" srcset=\"https:\/\/development.skcentar.edu.rs\/wp-content\/uploads\/2012\/03\/5v.jpg 599w, https:\/\/development.skcentar.edu.rs\/wp-content\/uploads\/2012\/03\/5v-300x115.jpg 300w\" sizes=\"auto, (max-width: 599px) 100vw, 599px\" \/>Na\u0161 Centar je razvio me\u0111unarodnu saradnju sa specijalnom \u0161kolom \u201eKlug Peter\u201d iz Segedina. 14. marta su proslavljali 60. godina od osnivanja obdani\u0161ta, kao i Dan \u0161kole, te smo prisustvovali sve\u010danosti prire\u0111enoj u tu \u010dast.\u00a0<\/p>\n<p><!--more--><\/p>\n<p>{webgallery}<img loading=\"lazy\" decoding=\"async\" class=\" size-full wp-image-81\" src=\"https:\/\/development.skcentar.edu.rs\/wp-content\/uploads\/2012\/03\/19.jpg\" border=\"0\" alt=\"Poseta specijalnoj \u0161koli u Segedinu\" width=\"800\" height=\"509\" srcset=\"https:\/\/development.skcentar.edu.rs\/wp-content\/uploads\/2012\/03\/19.jpg 800w, https:\/\/development.skcentar.edu.rs\/wp-content\/uploads\/2012\/03\/19-300x191.jpg 300w, https:\/\/development.skcentar.edu.rs\/wp-content\/uploads\/2012\/03\/19-768x489.jpg 768w\" sizes=\"auto, (max-width: 800px) 100vw, 800px\" \/> <img loading=\"lazy\" decoding=\"async\" class=\" size-full wp-image-82\" src=\"https:\/\/development.skcentar.edu.rs\/wp-content\/uploads\/2012\/03\/20.jpg\" border=\"0\" alt=\"Poseta specijalnoj \u0161koli u Segedinu\" width=\"800\" height=\"491\" srcset=\"https:\/\/development.skcentar.edu.rs\/wp-content\/uploads\/2012\/03\/20.jpg 800w, https:\/\/development.skcentar.edu.rs\/wp-content\/uploads\/2012\/03\/20-300x184.jpg 300w, https:\/\/development.skcentar.edu.rs\/wp-content\/uploads\/2012\/03\/20-768x471.jpg 768w\" sizes=\"auto, (max-width: 800px) 100vw, 800px\" \/> <img loading=\"lazy\" decoding=\"async\" class=\" size-full wp-image-83\" src=\"https:\/\/development.skcentar.edu.rs\/wp-content\/uploads\/2012\/03\/21.jpg\" border=\"0\" alt=\"Poseta specijalnoj \u0161koli u Segedinu\" width=\"800\" height=\"333\" srcset=\"https:\/\/development.skcentar.edu.rs\/wp-content\/uploads\/2012\/03\/21.jpg 800w, https:\/\/development.skcentar.edu.rs\/wp-content\/uploads\/2012\/03\/21-300x125.jpg 300w, https:\/\/development.skcentar.edu.rs\/wp-content\/uploads\/2012\/03\/21-768x320.jpg 768w\" sizes=\"auto, (max-width: 800px) 100vw, 800px\" \/>{\/webgallery}<\/p>\n<p>\u00a0<\/p>\n","protected":false},"excerpt":{"rendered":"<p>Na\u0161 Centar je razvio me\u0111unarodnu saradnju sa specijalnom \u0161kolom \u201eKlug Peter\u201d iz Segedina. 14. marta su proslavljali 60. godina od osnivanja obdani\u0161ta, kao i Dan \u0161kole, te smo prisustvovali sve\u010danosti prire\u0111enoj u tu \u010dast.\u00a0<\/p>\n","protected":false},"author":1,"featured_media":80,"comment_status":"open","ping_status":"open","sticky":true,"template":"","format":"standard","meta":{"footnotes":""},"categories":[7],"tags":[],"class_list":["post-84","post","type-post","status-publish","format-standard","has-post-thumbnail","hentry","category-aktuelno"],"_links":{"self":[{"href":"https:\/\/development.skcentar.edu.rs\/index.php\/wp-json\/wp\/v2\/posts\/84","targetHints":{"allow":["GET"]}}],"collection":[{"href":"https:\/\/development.skcentar.edu.rs\/index.php\/wp-json\/wp\/v2\/posts"}],"about":[{"href":"https:\/\/development.skcentar.edu.rs\/index.php\/wp-json\/wp\/v2\/types\/post"}],"author":[{"embeddable":true,"href":"https:\/\/development.skcentar.edu.rs\/index.php\/wp-json\/wp\/v2\/users\/1"}],"replies":[{"embeddable":true,"href":"https:\/\/development.skcentar.edu.rs\/index.php\/wp-json\/wp\/v2\/comments?post=84"}],"version-history":[{"count":0,"href":"https:\/\/development.skcentar.edu.rs\/index.php\/wp-json\/wp\/v2\/posts\/84\/revisions"}],"wp:featuredmedia":[{"embeddable":true,"href":"https:\/\/development.skcentar.edu.rs\/index.php\/wp-json\/wp\/v2\/media\/80"}],"wp:attachment":[{"href":"https:\/\/development.skcentar.edu.rs\/index.php\/wp-json\/wp\/v2\/media?parent=84"}],"wp:term":[{"taxonomy":"category","embeddable":true,"href":"https:\/\/development.skcentar.edu.rs\/index.php\/wp-json\/wp\/v2\/categories?post=84"},{"taxonomy":"post_tag","embeddable":true,"href":"https:\/\/development.skcentar.edu.rs\/index.php\/wp-json\/wp\/v2\/tags?post=84"}],"curies":[{"name":"wp","href":"https:\/\/api.w.org\/{rel}","templated":true}]}}