{"id":845,"date":"2022-12-19T21:03:13","date_gmt":"2022-12-19T21:03:13","guid":{"rendered":"https:\/\/development.skcentar.edu.rs\/index.php\/2022\/12\/19\/sindrom-poremecaja-paznje-i-adhd\/"},"modified":"2022-12-19T21:03:13","modified_gmt":"2022-12-19T21:03:13","slug":"sindrom-poremecaja-paznje-i-adhd","status":"publish","type":"post","link":"https:\/\/development.skcentar.edu.rs\/index.php\/2022\/12\/19\/sindrom-poremecaja-paznje-i-adhd\/","title":{"rendered":"Sindrom poreme\u0107aja pa\u017enje i hiperaktivnosti ADHD"},"content":{"rendered":"<div>\u00a0<img loading=\"lazy\" decoding=\"async\" class=\" size-full wp-image-843\" src=\"https:\/\/development.skcentar.edu.rs\/wp-content\/uploads\/2022\/12\/Glavna.jpg\" border=\"0\" alt=\"\" width=\"601\" height=\"242\" srcset=\"https:\/\/development.skcentar.edu.rs\/wp-content\/uploads\/2022\/12\/Glavna.jpg 601w, https:\/\/development.skcentar.edu.rs\/wp-content\/uploads\/2022\/12\/Glavna-300x121.jpg 300w\" sizes=\"auto, (max-width: 601px) 100vw, 601px\" \/><img decoding=\"async\" src=\"images\/Savetistrucnjakaslike\/ADHD\/glavna.png\" border=\"0\" alt=\"\" \/><\/div>\n<div>\n<p class=\"MsoNormal\" style=\"line-height: 115%;\"><span style=\"font-size: 14.0pt; line-height: 115%; font-family: 'Tahoma','sans-serif'; mso-ansi-language: #081A; mso-bidi-font-style: italic;\" lang=\"sr\">Danas roditelji \u010desto ka\u017eu \u201emoje dete je hiperaktivno\u201c. <span style=\"mso-spacerun: yes;\">\u00a0<\/span><\/span><span style=\"font-size: 14.0pt; line-height: 115%; font-family: 'Tahoma','sans-serif'; background: white;\" lang=\"SR-LATN-RS\">Ali, nije svako dete koje je \u017eivahno, puno energije, u pokretu i hiperaktivno. <\/span><\/p>\n<p><!--more--><\/p>\n<p class=\"MsoNormal\" style=\"line-height: 115%;\"><span style=\"font-size: 14.0pt; line-height: 115%; font-family: 'Tahoma','sans-serif'; mso-ansi-language: #081A; mso-bidi-font-weight: bold; mso-bidi-font-style: italic;\" lang=\"sr\">Sindrom poreme\u0107aja pa\u017enje i hiperaktivnosti <\/span><span style=\"font-size: 14.0pt; line-height: 115%; font-family: 'Tahoma','sans-serif';\" lang=\"SR-LATN-RS\">ADHD<strong style=\"mso-bidi-font-weight: normal;\"><em style=\"mso-bidi-font-style: normal;\"> <\/em><\/strong><span style=\"background: white;\"><span style=\"mso-spacerun: yes;\">\u00a0<\/span><\/span><\/span><span style=\"font-size: 14.0pt; line-height: 115%; font-family: 'Tahoma','sans-serif'; mso-ansi-language: #081A; mso-bidi-font-style: italic;\" lang=\"sr\">predstavlja jedan od naj\u010de\u0161\u0107e dijagnostikovanih poreme\u0107aja pona\u0161anja u detinjstvu. <\/span><\/p>\n<p class=\"MsoNormal\" style=\"line-height: 115%;\"><span style=\"font-size: 14.0pt; line-height: 115%; font-family: 'Tahoma','sans-serif'; mso-fareast-font-family: 'Times New Roman'; mso-bidi-font-weight: bold;\" lang=\"SR-LATN-RS\">Prema istra\u017eivanjima 3-5% dece ima hiperaktivnost.<\/span><strong><em><\/em><\/strong><span style=\"font-size: 14.0pt; line-height: 115%; font-family: 'Tahoma','sans-serif';\" lang=\"SR-LATN-RS\">U\u010destalost je 4-5 puta ve\u0107a kod de\u010daka. <\/span><\/p>\n<p class=\"MsoNormal\" style=\"line-height: 115%;\"><span style=\"font-size: 14.0pt; line-height: 115%; font-family: 'Tahoma','sans-serif';\" lang=\"SR-LATN-RS\">Uzroci<span style=\"mso-spacerun: yes;\">\u00a0 <\/span>nisu u potpunosti poznati<span style=\"mso-spacerun: yes;\">\u00a0 <\/span>ali je izra\u017eena genetska komponenta. Pored toga odgovornim se smatraju razni oblici minimalnih cerebralnih o\u0161te\u0107enja, psihosocijalni \u010dinioci , status porodice\u2026<\/span><\/p>\n<p class=\"MsoNormal\" style=\"line-height: 115%;\"><span style=\"font-size: 14.0pt; line-height: 115%; font-family: 'Tahoma','sans-serif'; background: white;\" lang=\"SR-LATN-RS\">Simptomi se javljaju pre 7. godine, a nekad i na uzrastu od 3 godine, ali ih nije lako primetiti <\/span><span style=\"font-size: 14.0pt; line-height: 115%; font-family: 'Tahoma','sans-serif';\" lang=\"SR-LATN-RS\">jer su deca u tom uzrastu \u010desto u pokretu i nemaju zadatke<span style=\"mso-spacerun: yes;\">\u00a0 <\/span>koji zahtevaju du\u017ee odr\u017eavanje pa\u017enje.<span style=\"mso-spacerun: yes;\">\u00a0 <\/span><\/span><\/p>\n<p class=\"MsoNormal\" style=\"line-height: 115%;\"><span style=\"font-size: 14.0pt; line-height: 115%; font-family: 'Tahoma','sans-serif';\" lang=\"SR-LATN-RS\">Hiperaktivnost se naj\u010de\u0161\u0107e prepoznaje polaskom deteta u \u0161kolu, <span style=\"color: black; mso-themecolor: text1; background: white;\">jer se<span style=\"mso-spacerun: yes;\">\u00a0 <\/span>simptomi ADHD-a lak\u0161e uo\u010davaju.<\/span><\/span><\/p>\n<p class=\"MsoNormal\" style=\"line-height: 115%;\"><span style=\"font-size: 14.0pt; line-height: 115%; font-family: 'Tahoma','sans-serif';\" lang=\"SR-LATN-RS\"><span style=\"color: black; mso-themecolor: text1; background: white;\"><img loading=\"lazy\" decoding=\"async\" class=\" size-full wp-image-844\" src=\"https:\/\/development.skcentar.edu.rs\/wp-content\/uploads\/2022\/12\/Tabela.jpg\" border=\"0\" alt=\"\" width=\"1168\" height=\"593\" srcset=\"https:\/\/development.skcentar.edu.rs\/wp-content\/uploads\/2022\/12\/Tabela.jpg 1168w, https:\/\/development.skcentar.edu.rs\/wp-content\/uploads\/2022\/12\/Tabela-300x152.jpg 300w, https:\/\/development.skcentar.edu.rs\/wp-content\/uploads\/2022\/12\/Tabela-1024x520.jpg 1024w, https:\/\/development.skcentar.edu.rs\/wp-content\/uploads\/2022\/12\/Tabela-768x390.jpg 768w\" sizes=\"auto, (max-width: 1168px) 100vw, 1168px\" \/><\/span><\/span><\/p>\n<p class=\"MsoNormal\" style=\"line-height: 115%;\"><span style=\"font-size: 14pt; line-height: 115%; font-family: Tahoma, 'sans-serif'; background-image: initial; background-position: initial; background-size: initial; background-repeat: initial; background-attachment: initial; background-origin: initial; background-clip: initial;\" lang=\"SR-LATN-RS\">Da bi se postavila dijagnoza ADHD-a va\u017eno je da u\u010destvuje tim stru\u010dnjaka: pedijatar, de\u010diji neurolog i psihijatar, defektolog&#8230; <\/span><\/p>\n<p class=\"MsoNormal\" style=\"line-height: 115%;\"><span style=\"font-size: 14pt; line-height: 115%; font-family: Tahoma, 'sans-serif'; color: black; letter-spacing: -0.15pt; background-image: initial; background-position: initial; background-size: initial; background-repeat: initial; background-attachment: initial; background-origin: initial; background-clip: initial;\" lang=\"SR-LATN-RS\">Le\u010denje ADHD-a obi\u010dno uklju\u010duje<\/span><span style=\"font-size: 14.0pt; line-height: 115%; font-family: 'Tahoma','sans-serif';\" lang=\"SR-LATN-RS\">bihevioralne terapije, <span style=\"letter-spacing: -0.15pt; background-image: initial; background-position: initial; background-size: initial; background-repeat: initial; background-attachment: initial; background-origin: initial; background-clip: initial;\">lekove,<\/span> edukacije, psihoterapije.<span style=\"color: black; background-image: initial; background-position: initial; background-size: initial; background-repeat: initial; background-attachment: initial; background-origin: initial; background-clip: initial;\">Bihevioralna terapija mo\u017ee pomo\u0107i detetu da kontroli\u0161e agresivnost, da reguli\u0161e svoje socijalno pona\u0161anje i da bude produktivnije<\/span><span style=\"color: #555555; background-image: initial; background-position: initial; background-size: initial; background-repeat: initial; background-attachment: initial; background-origin: initial; background-clip: initial;\">.<\/span> Cilj svih intervencija je da se pomogne i detetu i \u010dlanovima njegove porodice da steknu\/povrate unutra\u0161nju ravnote\u017eu.<\/span><\/p>\n<p class=\"MsoNormal\" style=\"line-height: 115%;\"><span style=\"font-size: 14.0pt; line-height: 115%; font-family: 'Tahoma','sans-serif';\" lang=\"SR-LATN-RS\"><span style=\"color: black; mso-themecolor: text1; background: white;\"> <strong><em><span style=\"font-size: 14pt; line-height: 107%;\" lang=\"SR-LATN-RS\">Va\u017eno je problem uo\u010diti na vreme i obratiti se stru\u010dnjacima!\u00a0<\/span><\/em><\/strong><\/span><\/span><\/p>\n<\/div>\n","protected":false},"excerpt":{"rendered":"<p>\u00a0 Danas roditelji \u010desto ka\u017eu \u201emoje dete je hiperaktivno\u201c. \u00a0Ali, nije svako dete koje je \u017eivahno, puno energije, u pokretu i hiperaktivno.<\/p>\n","protected":false},"author":1,"featured_media":843,"comment_status":"open","ping_status":"open","sticky":false,"template":"","format":"standard","meta":{"footnotes":""},"categories":[21],"tags":[],"class_list":["post-845","post","type-post","status-publish","format-standard","has-post-thumbnail","hentry","category-saveti-strucnjaka"],"_links":{"self":[{"href":"https:\/\/development.skcentar.edu.rs\/index.php\/wp-json\/wp\/v2\/posts\/845","targetHints":{"allow":["GET"]}}],"collection":[{"href":"https:\/\/development.skcentar.edu.rs\/index.php\/wp-json\/wp\/v2\/posts"}],"about":[{"href":"https:\/\/development.skcentar.edu.rs\/index.php\/wp-json\/wp\/v2\/types\/post"}],"author":[{"embeddable":true,"href":"https:\/\/development.skcentar.edu.rs\/index.php\/wp-json\/wp\/v2\/users\/1"}],"replies":[{"embeddable":true,"href":"https:\/\/development.skcentar.edu.rs\/index.php\/wp-json\/wp\/v2\/comments?post=845"}],"version-history":[{"count":0,"href":"https:\/\/development.skcentar.edu.rs\/index.php\/wp-json\/wp\/v2\/posts\/845\/revisions"}],"wp:featuredmedia":[{"embeddable":true,"href":"https:\/\/development.skcentar.edu.rs\/index.php\/wp-json\/wp\/v2\/media\/843"}],"wp:attachment":[{"href":"https:\/\/development.skcentar.edu.rs\/index.php\/wp-json\/wp\/v2\/media?parent=845"}],"wp:term":[{"taxonomy":"category","embeddable":true,"href":"https:\/\/development.skcentar.edu.rs\/index.php\/wp-json\/wp\/v2\/categories?post=845"},{"taxonomy":"post_tag","embeddable":true,"href":"https:\/\/development.skcentar.edu.rs\/index.php\/wp-json\/wp\/v2\/tags?post=845"}],"curies":[{"name":"wp","href":"https:\/\/api.w.org\/{rel}","templated":true}]}}