{"id":9,"date":"2012-03-02T09:55:00","date_gmt":"2012-03-02T09:55:00","guid":{"rendered":"https:\/\/development.skcentar.edu.rs\/index.php\/2012\/03\/02\/inkluzivni-horski-festival\/"},"modified":"2012-03-02T09:55:00","modified_gmt":"2012-03-02T09:55:00","slug":"inkluzivni-horski-festival","status":"publish","type":"post","link":"https:\/\/development.skcentar.edu.rs\/index.php\/2012\/03\/02\/inkluzivni-horski-festival\/","title":{"rendered":"Inkluzivni horski festival"},"content":{"rendered":"<p><img loading=\"lazy\" decoding=\"async\" class=\" size-full wp-image-4\" src=\"https:\/\/development.skcentar.edu.rs\/wp-content\/uploads\/2012\/03\/1v.jpg\" border=\"0\" width=\"599\" height=\"230\" srcset=\"https:\/\/development.skcentar.edu.rs\/wp-content\/uploads\/2012\/03\/1v.jpg 599w, https:\/\/development.skcentar.edu.rs\/wp-content\/uploads\/2012\/03\/1v-300x115.jpg 300w\" sizes=\"auto, (max-width: 599px) 100vw, 599px\" \/>U ve\u0107nici Gradske ku\u0107e odr\u017ean je Evropski inkluzivni horski festival pod nazivom \u201eHearts in harmony\u201c. Hor \u201eIson\u201c \u0160kole za osnovno i srednje obrazovanje \u201eMilan Petrovi\u0107\u201c iz Novog Sada nastupio je zajedno sa inkluzivnim horom iz Subotice, koji \u010dine u\u010denici O.\u0160. \u201eIvan Goran Kova\u010di\u0107\u201c, Osnovne i srednje specijalne \u0161kole \u201e\u017darko Zrenjanin\u201c, \u0160kolskog centra za vaspitanje i obrazovanje slu\u0161no o\u0161te\u0107enih lica \u2013 Subotica i korisnici Gerontolo\u0161kog centra u Subotici.<\/p>\n<p><!--more--><\/p>\n<p>{webgallery}<img loading=\"lazy\" decoding=\"async\" class=\" size-full wp-image-5\" src=\"https:\/\/development.skcentar.edu.rs\/wp-content\/uploads\/2012\/03\/1.jpg\" border=\"0\" alt=\"Inkluzivni horski festival\" width=\"800\" height=\"292\" srcset=\"https:\/\/development.skcentar.edu.rs\/wp-content\/uploads\/2012\/03\/1.jpg 800w, https:\/\/development.skcentar.edu.rs\/wp-content\/uploads\/2012\/03\/1-300x110.jpg 300w, https:\/\/development.skcentar.edu.rs\/wp-content\/uploads\/2012\/03\/1-768x280.jpg 768w\" sizes=\"auto, (max-width: 800px) 100vw, 800px\" \/> <img loading=\"lazy\" decoding=\"async\" class=\" size-full wp-image-6\" src=\"https:\/\/development.skcentar.edu.rs\/wp-content\/uploads\/2012\/03\/2.jpg\" border=\"0\" alt=\"Inkluzivni horski festival\" width=\"800\" height=\"448\" srcset=\"https:\/\/development.skcentar.edu.rs\/wp-content\/uploads\/2012\/03\/2.jpg 800w, https:\/\/development.skcentar.edu.rs\/wp-content\/uploads\/2012\/03\/2-300x168.jpg 300w, https:\/\/development.skcentar.edu.rs\/wp-content\/uploads\/2012\/03\/2-768x430.jpg 768w\" sizes=\"auto, (max-width: 800px) 100vw, 800px\" \/> <img loading=\"lazy\" decoding=\"async\" class=\" size-full wp-image-7\" src=\"https:\/\/development.skcentar.edu.rs\/wp-content\/uploads\/2012\/03\/3.jpg\" border=\"0\" alt=\"Inkluzivni horski festival\" width=\"800\" height=\"448\" srcset=\"https:\/\/development.skcentar.edu.rs\/wp-content\/uploads\/2012\/03\/3.jpg 800w, https:\/\/development.skcentar.edu.rs\/wp-content\/uploads\/2012\/03\/3-300x168.jpg 300w, https:\/\/development.skcentar.edu.rs\/wp-content\/uploads\/2012\/03\/3-768x430.jpg 768w\" sizes=\"auto, (max-width: 800px) 100vw, 800px\" \/> <img loading=\"lazy\" decoding=\"async\" class=\" size-full wp-image-8\" src=\"https:\/\/development.skcentar.edu.rs\/wp-content\/uploads\/2012\/03\/4.jpg\" border=\"0\" alt=\"Inkluzivni horski festival\" width=\"478\" height=\"600\" srcset=\"https:\/\/development.skcentar.edu.rs\/wp-content\/uploads\/2012\/03\/4.jpg 478w, https:\/\/development.skcentar.edu.rs\/wp-content\/uploads\/2012\/03\/4-239x300.jpg 239w\" sizes=\"auto, (max-width: 478px) 100vw, 478px\" \/>{\/webgallery}<\/p>\n<p>\u00a0<\/p>\n","protected":false},"excerpt":{"rendered":"<p>U ve\u0107nici Gradske ku\u0107e odr\u017ean je Evropski inkluzivni horski festival pod nazivom \u201eHearts in harmony\u201c. Hor \u201eIson\u201c \u0160kole za osnovno i srednje obrazovanje \u201eMilan Petrovi\u0107\u201c iz Novog Sada nastupio je zajedno sa inkluzivnim horom iz Subotice, koji \u010dine u\u010denici O.\u0160. \u201eIvan Goran Kova\u010di\u0107\u201c, Osnovne i srednje specijalne \u0161kole \u201e\u017darko Zrenjanin\u201c, \u0160kolskog centra za vaspitanje i [&hellip;]<\/p>\n","protected":false},"author":1,"featured_media":4,"comment_status":"open","ping_status":"open","sticky":true,"template":"","format":"standard","meta":{"footnotes":""},"categories":[7],"tags":[],"class_list":["post-9","post","type-post","status-publish","format-standard","has-post-thumbnail","hentry","category-aktuelno"],"_links":{"self":[{"href":"https:\/\/development.skcentar.edu.rs\/index.php\/wp-json\/wp\/v2\/posts\/9","targetHints":{"allow":["GET"]}}],"collection":[{"href":"https:\/\/development.skcentar.edu.rs\/index.php\/wp-json\/wp\/v2\/posts"}],"about":[{"href":"https:\/\/development.skcentar.edu.rs\/index.php\/wp-json\/wp\/v2\/types\/post"}],"author":[{"embeddable":true,"href":"https:\/\/development.skcentar.edu.rs\/index.php\/wp-json\/wp\/v2\/users\/1"}],"replies":[{"embeddable":true,"href":"https:\/\/development.skcentar.edu.rs\/index.php\/wp-json\/wp\/v2\/comments?post=9"}],"version-history":[{"count":0,"href":"https:\/\/development.skcentar.edu.rs\/index.php\/wp-json\/wp\/v2\/posts\/9\/revisions"}],"wp:featuredmedia":[{"embeddable":true,"href":"https:\/\/development.skcentar.edu.rs\/index.php\/wp-json\/wp\/v2\/media\/4"}],"wp:attachment":[{"href":"https:\/\/development.skcentar.edu.rs\/index.php\/wp-json\/wp\/v2\/media?parent=9"}],"wp:term":[{"taxonomy":"category","embeddable":true,"href":"https:\/\/development.skcentar.edu.rs\/index.php\/wp-json\/wp\/v2\/categories?post=9"},{"taxonomy":"post_tag","embeddable":true,"href":"https:\/\/development.skcentar.edu.rs\/index.php\/wp-json\/wp\/v2\/tags?post=9"}],"curies":[{"name":"wp","href":"https:\/\/api.w.org\/{rel}","templated":true}]}}