{"id":903,"date":"2023-09-12T21:24:35","date_gmt":"2023-09-12T21:24:35","guid":{"rendered":"https:\/\/development.skcentar.edu.rs\/index.php\/2023\/09\/12\/sektor-za-vanredne-situacije\/"},"modified":"2023-09-12T21:24:35","modified_gmt":"2023-09-12T21:24:35","slug":"sektor-za-vanredne-situacije","status":"publish","type":"post","link":"https:\/\/development.skcentar.edu.rs\/index.php\/2023\/09\/12\/sektor-za-vanredne-situacije\/","title":{"rendered":"Sektor za vanredne situacije"},"content":{"rendered":"<p>\u00a0<img loading=\"lazy\" decoding=\"async\" class=\" size-full wp-image-901\" src=\"https:\/\/development.skcentar.edu.rs\/wp-content\/uploads\/2023\/09\/Glavna.jpg\" border=\"0\" alt=\"\" width=\"600\" height=\"300\" srcset=\"https:\/\/development.skcentar.edu.rs\/wp-content\/uploads\/2023\/09\/Glavna.jpg 600w, https:\/\/development.skcentar.edu.rs\/wp-content\/uploads\/2023\/09\/Glavna-300x150.jpg 300w\" sizes=\"auto, (max-width: 600px) 100vw, 600px\" \/><\/p>\n<p class=\"MsoNormal\" style=\"background: white;\"><span style=\"font-size: 14.0pt; font-family: 'Arial',sans-serif; mso-fareast-font-family: 'Times New Roman'; color: #050505;\">Danas je povodom obele\u017eavanja Dana sektora za vanredne situacije, odr\u017eana Prva u nizu pokazna ve\u017eba u <\/span><span style=\"font-size: 14.0pt; font-family: 'Arial',sans-serif; mso-fareast-font-family: 'Times New Roman'; color: #050505; mso-ansi-language: SR-LATN-RS;\" lang=\"SR-LATN-RS\">\u0160<\/span><span style=\"font-size: 14.0pt; font-family: 'Arial',sans-serif; mso-fareast-font-family: 'Times New Roman'; color: #050505;\">kolskom centru sa domom u\u010denika \u201eDositej Obradovi\u0107\u201c.<\/span><\/p>\n<p><!--more--><\/p>\n<p class=\"MsoNormal\" style=\"background: white;\"><span style=\"font-size: 14.0pt; font-family: 'Arial',sans-serif; mso-fareast-font-family: 'Times New Roman'; color: #050505;\">Prikazana je javna pokazna vatrogasna ve\u017eba i spasavanje sa evakuacijom dece i vaspita\u010da.<\/span><\/p>\n<p class=\"MsoNormal\" style=\"background: white;\"><span style=\"font-size: 14.0pt; font-family: 'Arial',sans-serif; mso-fareast-font-family: 'Times New Roman'; color: #050505;\">Na ovoj ve\u017ebi je u\u010destvovala Vatrogasno-spasila\u010dka \u010deta, Dobrovoljno vatrogasno dru\u0161tvo i Crveni krst Subotica, pa je to bila prilika da se prika\u017ee me\u0111usobna saradnja slu\u017ebi.<\/span><\/p>\n<p class=\"MsoNormal\" style=\"background: white;\"><span style=\"font-size: 14.0pt; font-family: 'Arial',sans-serif; mso-fareast-font-family: 'Times New Roman'; color: #050505;\"><img loading=\"lazy\" decoding=\"async\" class=\" size-full wp-image-246\" src=\"https:\/\/development.skcentar.edu.rs\/wp-content\/uploads\/2013\/04\/2.jpg\" border=\"0\" alt=\"\" width=\"800\" height=\"600\" srcset=\"https:\/\/development.skcentar.edu.rs\/wp-content\/uploads\/2013\/04\/2.jpg 800w, https:\/\/development.skcentar.edu.rs\/wp-content\/uploads\/2013\/04\/2-300x225.jpg 300w, https:\/\/development.skcentar.edu.rs\/wp-content\/uploads\/2013\/04\/2-768x576.jpg 768w\" sizes=\"auto, (max-width: 800px) 100vw, 800px\" \/><img loading=\"lazy\" decoding=\"async\" class=\" size-full wp-image-247\" src=\"https:\/\/development.skcentar.edu.rs\/wp-content\/uploads\/2013\/04\/3.jpg\" border=\"0\" alt=\"\" width=\"800\" height=\"600\" srcset=\"https:\/\/development.skcentar.edu.rs\/wp-content\/uploads\/2013\/04\/3.jpg 800w, https:\/\/development.skcentar.edu.rs\/wp-content\/uploads\/2013\/04\/3-300x225.jpg 300w, https:\/\/development.skcentar.edu.rs\/wp-content\/uploads\/2013\/04\/3-768x576.jpg 768w\" sizes=\"auto, (max-width: 800px) 100vw, 800px\" \/><img loading=\"lazy\" decoding=\"async\" class=\" size-full wp-image-248\" src=\"https:\/\/development.skcentar.edu.rs\/wp-content\/uploads\/2013\/04\/4.jpg\" border=\"0\" alt=\"\" width=\"800\" height=\"600\" srcset=\"https:\/\/development.skcentar.edu.rs\/wp-content\/uploads\/2013\/04\/4.jpg 800w, https:\/\/development.skcentar.edu.rs\/wp-content\/uploads\/2013\/04\/4-300x225.jpg 300w, https:\/\/development.skcentar.edu.rs\/wp-content\/uploads\/2013\/04\/4-768x576.jpg 768w\" sizes=\"auto, (max-width: 800px) 100vw, 800px\" \/><img loading=\"lazy\" decoding=\"async\" class=\" size-full wp-image-260\" src=\"https:\/\/development.skcentar.edu.rs\/wp-content\/uploads\/2013\/05\/5.jpg\" border=\"0\" alt=\"\" width=\"800\" height=\"600\" srcset=\"https:\/\/development.skcentar.edu.rs\/wp-content\/uploads\/2013\/05\/5.jpg 800w, https:\/\/development.skcentar.edu.rs\/wp-content\/uploads\/2013\/05\/5-300x225.jpg 300w, https:\/\/development.skcentar.edu.rs\/wp-content\/uploads\/2013\/05\/5-768x576.jpg 768w\" sizes=\"auto, (max-width: 800px) 100vw, 800px\" \/><img loading=\"lazy\" decoding=\"async\" class=\" size-full wp-image-265\" src=\"https:\/\/development.skcentar.edu.rs\/wp-content\/uploads\/2013\/06\/6.jpg\" border=\"0\" alt=\"\" width=\"800\" height=\"600\" srcset=\"https:\/\/development.skcentar.edu.rs\/wp-content\/uploads\/2013\/06\/6.jpg 800w, https:\/\/development.skcentar.edu.rs\/wp-content\/uploads\/2013\/06\/6-300x225.jpg 300w, https:\/\/development.skcentar.edu.rs\/wp-content\/uploads\/2013\/06\/6-768x576.jpg 768w\" sizes=\"auto, (max-width: 800px) 100vw, 800px\" \/><img loading=\"lazy\" decoding=\"async\" class=\" size-full wp-image-266\" src=\"https:\/\/development.skcentar.edu.rs\/wp-content\/uploads\/2013\/06\/7.jpg\" border=\"0\" alt=\"\" width=\"800\" height=\"600\" srcset=\"https:\/\/development.skcentar.edu.rs\/wp-content\/uploads\/2013\/06\/7.jpg 800w, https:\/\/development.skcentar.edu.rs\/wp-content\/uploads\/2013\/06\/7-300x225.jpg 300w, https:\/\/development.skcentar.edu.rs\/wp-content\/uploads\/2013\/06\/7-768x576.jpg 768w\" sizes=\"auto, (max-width: 800px) 100vw, 800px\" \/><img loading=\"lazy\" decoding=\"async\" class=\" size-full wp-image-275\" src=\"https:\/\/development.skcentar.edu.rs\/wp-content\/uploads\/2013\/10\/8.jpg\" border=\"0\" alt=\"\" width=\"520\" height=\"390\" srcset=\"https:\/\/development.skcentar.edu.rs\/wp-content\/uploads\/2013\/10\/8.jpg 520w, https:\/\/development.skcentar.edu.rs\/wp-content\/uploads\/2013\/10\/8-300x225.jpg 300w\" sizes=\"auto, (max-width: 520px) 100vw, 520px\" \/><img loading=\"lazy\" decoding=\"async\" class=\" size-full wp-image-276\" src=\"https:\/\/development.skcentar.edu.rs\/wp-content\/uploads\/2013\/10\/9.jpg\" border=\"0\" alt=\"\" width=\"520\" height=\"390\" srcset=\"https:\/\/development.skcentar.edu.rs\/wp-content\/uploads\/2013\/10\/9.jpg 520w, https:\/\/development.skcentar.edu.rs\/wp-content\/uploads\/2013\/10\/9-300x225.jpg 300w\" sizes=\"auto, (max-width: 520px) 100vw, 520px\" \/><img loading=\"lazy\" decoding=\"async\" class=\" size-full wp-image-277\" src=\"https:\/\/development.skcentar.edu.rs\/wp-content\/uploads\/2013\/10\/10.jpg\" border=\"0\" alt=\"\" width=\"520\" height=\"390\" srcset=\"https:\/\/development.skcentar.edu.rs\/wp-content\/uploads\/2013\/10\/10.jpg 520w, https:\/\/development.skcentar.edu.rs\/wp-content\/uploads\/2013\/10\/10-300x225.jpg 300w\" sizes=\"auto, (max-width: 520px) 100vw, 520px\" \/><\/span><\/p>\n","protected":false},"excerpt":{"rendered":"<p>\u00a0 Danas je povodom obele\u017eavanja Dana sektora za vanredne situacije, odr\u017eana Prva u nizu pokazna ve\u017eba u \u0160kolskom centru sa domom u\u010denika \u201eDositej Obradovi\u0107\u201c.<\/p>\n","protected":false},"author":1,"featured_media":901,"comment_status":"open","ping_status":"open","sticky":true,"template":"","format":"standard","meta":{"footnotes":""},"categories":[4],"tags":[],"class_list":["post-903","post","type-post","status-publish","format-standard","has-post-thumbnail","hentry","category-uncategorised"],"_links":{"self":[{"href":"https:\/\/development.skcentar.edu.rs\/index.php\/wp-json\/wp\/v2\/posts\/903","targetHints":{"allow":["GET"]}}],"collection":[{"href":"https:\/\/development.skcentar.edu.rs\/index.php\/wp-json\/wp\/v2\/posts"}],"about":[{"href":"https:\/\/development.skcentar.edu.rs\/index.php\/wp-json\/wp\/v2\/types\/post"}],"author":[{"embeddable":true,"href":"https:\/\/development.skcentar.edu.rs\/index.php\/wp-json\/wp\/v2\/users\/1"}],"replies":[{"embeddable":true,"href":"https:\/\/development.skcentar.edu.rs\/index.php\/wp-json\/wp\/v2\/comments?post=903"}],"version-history":[{"count":0,"href":"https:\/\/development.skcentar.edu.rs\/index.php\/wp-json\/wp\/v2\/posts\/903\/revisions"}],"wp:featuredmedia":[{"embeddable":true,"href":"https:\/\/development.skcentar.edu.rs\/index.php\/wp-json\/wp\/v2\/media\/901"}],"wp:attachment":[{"href":"https:\/\/development.skcentar.edu.rs\/index.php\/wp-json\/wp\/v2\/media?parent=903"}],"wp:term":[{"taxonomy":"category","embeddable":true,"href":"https:\/\/development.skcentar.edu.rs\/index.php\/wp-json\/wp\/v2\/categories?post=903"},{"taxonomy":"post_tag","embeddable":true,"href":"https:\/\/development.skcentar.edu.rs\/index.php\/wp-json\/wp\/v2\/tags?post=903"}],"curies":[{"name":"wp","href":"https:\/\/api.w.org\/{rel}","templated":true}]}}