{"id":904,"date":"2023-09-22T21:35:14","date_gmt":"2023-09-22T21:35:14","guid":{"rendered":"https:\/\/development.skcentar.edu.rs\/index.php\/2023\/09\/22\/2023audio\/"},"modified":"2023-09-22T21:35:14","modified_gmt":"2023-09-22T21:35:14","slug":"2023audio","status":"publish","type":"post","link":"https:\/\/development.skcentar.edu.rs\/index.php\/2023\/09\/22\/2023audio\/","title":{"rendered":"\u010cuti i razumeti"},"content":{"rendered":"<p>\u00a0<img loading=\"lazy\" decoding=\"async\" class=\" size-full wp-image-901\" src=\"https:\/\/development.skcentar.edu.rs\/wp-content\/uploads\/2023\/09\/Glavna.jpg\" border=\"0\" alt=\"\" width=\"600\" height=\"300\" srcset=\"https:\/\/development.skcentar.edu.rs\/wp-content\/uploads\/2023\/09\/Glavna.jpg 600w, https:\/\/development.skcentar.edu.rs\/wp-content\/uploads\/2023\/09\/Glavna-300x150.jpg 300w\" sizes=\"auto, (max-width: 600px) 100vw, 600px\" \/><\/p>\n<p class=\"MsoNormal\" style=\"margin-bottom: 0in; line-height: normal;\"><span style=\"font-size: 14.0pt; font-family: 'Arial',sans-serif; mso-fareast-font-family: 'Times New Roman'; mso-font-kerning: 0pt; mso-ligatures: none;\">U\u010denici na\u0161e \u0161kole, su 22.09.2023. u okviru manifestacije \u201c\u010cuti i razumeti\u201d,koju organizuje <\/span><a href=\"https:\/\/l.facebook.com\/l.php?u=https%3A%2F%2Fwww.instagram.com%2F_u%2Faudiovoxsrbija&amp;h=AT0ODk3HwwJcBZiyCTCng-EdLNXZp6ZVnU9mnkmIaKxlElRBX_g1PFQS8Wx1dJZ2Y0D5RxxE-FbBCFffo-KHE99XTkRw5NbeBbx7ssXmoxe5PfClnkWoWiQKLdtQmJPgq6dW4bXHW-fjGapk37Ba&amp;__tn__=-UK-R&amp;c%5b0%5d=AT1CwAzCL7y3Hf774iiAq8nnvEzmWIgtN-Rk8J_06JAgWGhUHOqkYrmZnxoYGgleCHMa7JnWkOS5yJF6DIrFt3n3yKQ8kQrn4VCWn9vbt-rdzdVY5UNeT9gP2rl1B75027DcmLUkPfUEEAnshq67r6aHoIStTG3BoqJCM4y6Il_sjUUtdXyAt0Gv-eXMPTdR3tamJwWXfN2ujPFzkTInM_sIdC8O1yPDHFbd\" target=\"_blank\"><span style=\"font-size: 14.0pt; font-family: 'Arial',sans-serif; mso-fareast-font-family: 'Times New Roman'; color: black; mso-themecolor: text1; mso-font-kerning: 0pt; mso-ligatures: none;\">Audiovox<\/span><\/a><span style=\"font-size: 14.0pt; font-family: 'Arial',sans-serif; mso-fareast-font-family: 'Times New Roman'; mso-font-kerning: 0pt; mso-ligatures: none;\">Srbija , posetili Jagodinu.<\/span><\/p>\n<p><!--more--><\/p>\n<p class=\"MsoNormal\" style=\"margin-bottom: 0in; line-height: normal;\"><span style=\"font-size: 14.0pt; font-family: 'Arial',sans-serif; mso-fareast-font-family: 'Times New Roman'; mso-font-kerning: 0pt; mso-ligatures: none;\">Pored kulturno umetni\u010dkog programa, deca su imala priliku da se susretnu sa zna\u010dajnim li\u010dnostima srpske istorije u Muzeju vo\u0161tanih figura. Dobri domacini su nam pokazali park i zoo vrt.<\/span><\/p>\n<p class=\"MsoNormal\" style=\"margin-bottom: 0in; line-height: normal;\"><span style=\"font-size: 14.0pt; font-family: 'Arial',sans-serif; mso-fareast-font-family: 'Times New Roman'; mso-font-kerning: 0pt; mso-ligatures: none;\"><img loading=\"lazy\" decoding=\"async\" class=\" size-full wp-image-245\" src=\"https:\/\/development.skcentar.edu.rs\/wp-content\/uploads\/2013\/04\/1.jpg\" border=\"0\" alt=\"\" width=\"800\" height=\"600\" srcset=\"https:\/\/development.skcentar.edu.rs\/wp-content\/uploads\/2013\/04\/1.jpg 800w, https:\/\/development.skcentar.edu.rs\/wp-content\/uploads\/2013\/04\/1-300x225.jpg 300w, https:\/\/development.skcentar.edu.rs\/wp-content\/uploads\/2013\/04\/1-768x576.jpg 768w\" sizes=\"auto, (max-width: 800px) 100vw, 800px\" \/><img loading=\"lazy\" decoding=\"async\" class=\" size-full wp-image-246\" src=\"https:\/\/development.skcentar.edu.rs\/wp-content\/uploads\/2013\/04\/2.jpg\" border=\"0\" alt=\"\" width=\"800\" height=\"600\" srcset=\"https:\/\/development.skcentar.edu.rs\/wp-content\/uploads\/2013\/04\/2.jpg 800w, https:\/\/development.skcentar.edu.rs\/wp-content\/uploads\/2013\/04\/2-300x225.jpg 300w, https:\/\/development.skcentar.edu.rs\/wp-content\/uploads\/2013\/04\/2-768x576.jpg 768w\" sizes=\"auto, (max-width: 800px) 100vw, 800px\" \/><img loading=\"lazy\" decoding=\"async\" class=\" size-full wp-image-247\" src=\"https:\/\/development.skcentar.edu.rs\/wp-content\/uploads\/2013\/04\/3.jpg\" border=\"0\" alt=\"\" width=\"800\" height=\"600\" srcset=\"https:\/\/development.skcentar.edu.rs\/wp-content\/uploads\/2013\/04\/3.jpg 800w, https:\/\/development.skcentar.edu.rs\/wp-content\/uploads\/2013\/04\/3-300x225.jpg 300w, https:\/\/development.skcentar.edu.rs\/wp-content\/uploads\/2013\/04\/3-768x576.jpg 768w\" sizes=\"auto, (max-width: 800px) 100vw, 800px\" \/><img loading=\"lazy\" decoding=\"async\" class=\" size-full wp-image-248\" src=\"https:\/\/development.skcentar.edu.rs\/wp-content\/uploads\/2013\/04\/4.jpg\" border=\"0\" alt=\"\" width=\"800\" height=\"600\" srcset=\"https:\/\/development.skcentar.edu.rs\/wp-content\/uploads\/2013\/04\/4.jpg 800w, https:\/\/development.skcentar.edu.rs\/wp-content\/uploads\/2013\/04\/4-300x225.jpg 300w, https:\/\/development.skcentar.edu.rs\/wp-content\/uploads\/2013\/04\/4-768x576.jpg 768w\" sizes=\"auto, (max-width: 800px) 100vw, 800px\" \/><img loading=\"lazy\" decoding=\"async\" class=\" size-full wp-image-260\" src=\"https:\/\/development.skcentar.edu.rs\/wp-content\/uploads\/2013\/05\/5.jpg\" border=\"0\" alt=\"\" width=\"800\" height=\"600\" srcset=\"https:\/\/development.skcentar.edu.rs\/wp-content\/uploads\/2013\/05\/5.jpg 800w, https:\/\/development.skcentar.edu.rs\/wp-content\/uploads\/2013\/05\/5-300x225.jpg 300w, https:\/\/development.skcentar.edu.rs\/wp-content\/uploads\/2013\/05\/5-768x576.jpg 768w\" sizes=\"auto, (max-width: 800px) 100vw, 800px\" \/><img loading=\"lazy\" decoding=\"async\" class=\" size-full wp-image-265\" src=\"https:\/\/development.skcentar.edu.rs\/wp-content\/uploads\/2013\/06\/6.jpg\" border=\"0\" alt=\"\" width=\"800\" height=\"600\" srcset=\"https:\/\/development.skcentar.edu.rs\/wp-content\/uploads\/2013\/06\/6.jpg 800w, https:\/\/development.skcentar.edu.rs\/wp-content\/uploads\/2013\/06\/6-300x225.jpg 300w, https:\/\/development.skcentar.edu.rs\/wp-content\/uploads\/2013\/06\/6-768x576.jpg 768w\" sizes=\"auto, (max-width: 800px) 100vw, 800px\" \/><img loading=\"lazy\" decoding=\"async\" class=\" size-full wp-image-266\" src=\"https:\/\/development.skcentar.edu.rs\/wp-content\/uploads\/2013\/06\/7.jpg\" border=\"0\" alt=\"\" width=\"800\" height=\"600\" srcset=\"https:\/\/development.skcentar.edu.rs\/wp-content\/uploads\/2013\/06\/7.jpg 800w, https:\/\/development.skcentar.edu.rs\/wp-content\/uploads\/2013\/06\/7-300x225.jpg 300w, https:\/\/development.skcentar.edu.rs\/wp-content\/uploads\/2013\/06\/7-768x576.jpg 768w\" sizes=\"auto, (max-width: 800px) 100vw, 800px\" \/><\/span><\/p>\n","protected":false},"excerpt":{"rendered":"<p>\u00a0 U\u010denici na\u0161e \u0161kole, su 22.09.2023. u okviru manifestacije \u201c\u010cuti i razumeti\u201d,koju organizuje AudiovoxSrbija , posetili Jagodinu.<\/p>\n","protected":false},"author":1,"featured_media":901,"comment_status":"open","ping_status":"open","sticky":true,"template":"","format":"standard","meta":{"footnotes":""},"categories":[4],"tags":[],"class_list":["post-904","post","type-post","status-publish","format-standard","has-post-thumbnail","hentry","category-uncategorised"],"_links":{"self":[{"href":"https:\/\/development.skcentar.edu.rs\/index.php\/wp-json\/wp\/v2\/posts\/904","targetHints":{"allow":["GET"]}}],"collection":[{"href":"https:\/\/development.skcentar.edu.rs\/index.php\/wp-json\/wp\/v2\/posts"}],"about":[{"href":"https:\/\/development.skcentar.edu.rs\/index.php\/wp-json\/wp\/v2\/types\/post"}],"author":[{"embeddable":true,"href":"https:\/\/development.skcentar.edu.rs\/index.php\/wp-json\/wp\/v2\/users\/1"}],"replies":[{"embeddable":true,"href":"https:\/\/development.skcentar.edu.rs\/index.php\/wp-json\/wp\/v2\/comments?post=904"}],"version-history":[{"count":0,"href":"https:\/\/development.skcentar.edu.rs\/index.php\/wp-json\/wp\/v2\/posts\/904\/revisions"}],"wp:featuredmedia":[{"embeddable":true,"href":"https:\/\/development.skcentar.edu.rs\/index.php\/wp-json\/wp\/v2\/media\/901"}],"wp:attachment":[{"href":"https:\/\/development.skcentar.edu.rs\/index.php\/wp-json\/wp\/v2\/media?parent=904"}],"wp:term":[{"taxonomy":"category","embeddable":true,"href":"https:\/\/development.skcentar.edu.rs\/index.php\/wp-json\/wp\/v2\/categories?post=904"},{"taxonomy":"post_tag","embeddable":true,"href":"https:\/\/development.skcentar.edu.rs\/index.php\/wp-json\/wp\/v2\/tags?post=904"}],"curies":[{"name":"wp","href":"https:\/\/api.w.org\/{rel}","templated":true}]}}