{"id":917,"date":"2023-10-08T21:52:06","date_gmt":"2023-10-08T21:52:06","guid":{"rendered":"https:\/\/development.skcentar.edu.rs\/index.php\/2023\/10\/08\/ekoloski-i-inkluzivni-deciji-festival\/"},"modified":"2023-10-08T21:52:06","modified_gmt":"2023-10-08T21:52:06","slug":"ekoloski-i-inkluzivni-deciji-festival","status":"publish","type":"post","link":"https:\/\/development.skcentar.edu.rs\/index.php\/2023\/10\/08\/ekoloski-i-inkluzivni-deciji-festival\/","title":{"rendered":"Ekolo\u0161ki i inkluzivni de\u010diji festival"},"content":{"rendered":"<p>\u00a0<img loading=\"lazy\" decoding=\"async\" class=\" size-full wp-image-913\" src=\"https:\/\/development.skcentar.edu.rs\/wp-content\/uploads\/2023\/10\/Glavna.jpg\" border=\"0\" alt=\"\" width=\"600\" height=\"302\" srcset=\"https:\/\/development.skcentar.edu.rs\/wp-content\/uploads\/2023\/10\/Glavna.jpg 600w, https:\/\/development.skcentar.edu.rs\/wp-content\/uploads\/2023\/10\/Glavna-300x151.jpg 300w\" sizes=\"auto, (max-width: 600px) 100vw, 600px\" \/><\/p>\n<p class=\"MsoNormal\" style=\"margin-bottom: 0in; line-height: normal;\"><span style=\"font-size: 14.0pt; font-family: 'Arial',sans-serif; mso-fareast-font-family: 'Times New Roman'; mso-font-kerning: 0pt; mso-ligatures: none;\">U nedelju 8.10.2023. od 10 do 12 sati u na\u0161oj \u0161koli je odr\u017ean jednodnevni ekolo\u0161ki i inkluzivni de\u010diji festival,<\/span><\/p>\n<p><!--more--><\/p>\n<p class=\"MsoNormal\" style=\"margin-bottom: 0in; line-height: normal;\"><span style=\"font-size: 14.0pt; font-family: 'Arial',sans-serif; mso-fareast-font-family: 'Times New Roman'; mso-font-kerning: 0pt; mso-ligatures: none;\">u kome su u\u010destvovala deca iz vrti\u0107a, osnovnih i srednjih \u0161kola kao i deca i roditelji iz \u0160kolskog centra.<\/span><\/p>\n<p class=\"MsoNormal\" style=\"margin-bottom: 0in; line-height: normal;\"><span style=\"font-size: 14.0pt; font-family: 'Arial',sans-serif; mso-fareast-font-family: 'Times New Roman'; mso-font-kerning: 0pt; mso-ligatures: none;\">Cilj festivala je da se toga dana upoznaju mladi sakuplja\u010di \u010depova i mladi korisnici ortopedskih pomagala kroz raznolike edukativne sadr\u017eaje.<\/span><\/p>\n<p class=\"MsoNormal\" style=\"margin-bottom: 0in; line-height: normal;\"><span style=\"font-family: Arial, sans-serif; font-size: 14pt;\">Bilo je prisutno vi\u0161e od 100 dece, kao i roditelja, nastavnika i publike koji su kroz razli\u010dite edukativne i eko radionice proveli kvalitetno vreme.<\/span><\/p>\n<p>\u00a0<span style=\"font-family: Arial, sans-serif; font-size: 14pt;\">Na festivalu je bilo transportno vozilo fondacije \u201e\u010cep za hendikep\u201c, za prikupljanje \u010depova , tako da se sakupio zaista zavidan broj \u010depova.<\/span><\/p>\n<p><span style=\"font-family: Arial, sans-serif; font-size: 14pt;\"><img loading=\"lazy\" decoding=\"async\" class=\" size-full wp-image-245\" src=\"https:\/\/development.skcentar.edu.rs\/wp-content\/uploads\/2013\/04\/1.jpg\" border=\"0\" alt=\"\" width=\"800\" height=\"600\" srcset=\"https:\/\/development.skcentar.edu.rs\/wp-content\/uploads\/2013\/04\/1.jpg 800w, https:\/\/development.skcentar.edu.rs\/wp-content\/uploads\/2013\/04\/1-300x225.jpg 300w, https:\/\/development.skcentar.edu.rs\/wp-content\/uploads\/2013\/04\/1-768x576.jpg 768w\" sizes=\"auto, (max-width: 800px) 100vw, 800px\" \/><img loading=\"lazy\" decoding=\"async\" class=\" size-full wp-image-246\" src=\"https:\/\/development.skcentar.edu.rs\/wp-content\/uploads\/2013\/04\/2.jpg\" border=\"0\" alt=\"\" width=\"800\" height=\"600\" srcset=\"https:\/\/development.skcentar.edu.rs\/wp-content\/uploads\/2013\/04\/2.jpg 800w, https:\/\/development.skcentar.edu.rs\/wp-content\/uploads\/2013\/04\/2-300x225.jpg 300w, https:\/\/development.skcentar.edu.rs\/wp-content\/uploads\/2013\/04\/2-768x576.jpg 768w\" sizes=\"auto, (max-width: 800px) 100vw, 800px\" \/><img loading=\"lazy\" decoding=\"async\" class=\" size-full wp-image-247\" src=\"https:\/\/development.skcentar.edu.rs\/wp-content\/uploads\/2013\/04\/3.jpg\" border=\"0\" alt=\"\" width=\"800\" height=\"600\" srcset=\"https:\/\/development.skcentar.edu.rs\/wp-content\/uploads\/2013\/04\/3.jpg 800w, https:\/\/development.skcentar.edu.rs\/wp-content\/uploads\/2013\/04\/3-300x225.jpg 300w, https:\/\/development.skcentar.edu.rs\/wp-content\/uploads\/2013\/04\/3-768x576.jpg 768w\" sizes=\"auto, (max-width: 800px) 100vw, 800px\" \/><img loading=\"lazy\" decoding=\"async\" class=\" size-full wp-image-248\" src=\"https:\/\/development.skcentar.edu.rs\/wp-content\/uploads\/2013\/04\/4.jpg\" border=\"0\" alt=\"\" width=\"800\" height=\"600\" srcset=\"https:\/\/development.skcentar.edu.rs\/wp-content\/uploads\/2013\/04\/4.jpg 800w, https:\/\/development.skcentar.edu.rs\/wp-content\/uploads\/2013\/04\/4-300x225.jpg 300w, https:\/\/development.skcentar.edu.rs\/wp-content\/uploads\/2013\/04\/4-768x576.jpg 768w\" sizes=\"auto, (max-width: 800px) 100vw, 800px\" \/><img loading=\"lazy\" decoding=\"async\" class=\" size-full wp-image-260\" src=\"https:\/\/development.skcentar.edu.rs\/wp-content\/uploads\/2013\/05\/5.jpg\" border=\"0\" alt=\"\" width=\"800\" height=\"600\" srcset=\"https:\/\/development.skcentar.edu.rs\/wp-content\/uploads\/2013\/05\/5.jpg 800w, https:\/\/development.skcentar.edu.rs\/wp-content\/uploads\/2013\/05\/5-300x225.jpg 300w, https:\/\/development.skcentar.edu.rs\/wp-content\/uploads\/2013\/05\/5-768x576.jpg 768w\" sizes=\"auto, (max-width: 800px) 100vw, 800px\" \/><img loading=\"lazy\" decoding=\"async\" class=\" size-full wp-image-265\" src=\"https:\/\/development.skcentar.edu.rs\/wp-content\/uploads\/2013\/06\/6.jpg\" border=\"0\" alt=\"\" width=\"800\" height=\"600\" srcset=\"https:\/\/development.skcentar.edu.rs\/wp-content\/uploads\/2013\/06\/6.jpg 800w, https:\/\/development.skcentar.edu.rs\/wp-content\/uploads\/2013\/06\/6-300x225.jpg 300w, https:\/\/development.skcentar.edu.rs\/wp-content\/uploads\/2013\/06\/6-768x576.jpg 768w\" sizes=\"auto, (max-width: 800px) 100vw, 800px\" \/><img loading=\"lazy\" decoding=\"async\" class=\" size-full wp-image-266\" src=\"https:\/\/development.skcentar.edu.rs\/wp-content\/uploads\/2013\/06\/7.jpg\" border=\"0\" alt=\"\" width=\"800\" height=\"600\" srcset=\"https:\/\/development.skcentar.edu.rs\/wp-content\/uploads\/2013\/06\/7.jpg 800w, https:\/\/development.skcentar.edu.rs\/wp-content\/uploads\/2013\/06\/7-300x225.jpg 300w, https:\/\/development.skcentar.edu.rs\/wp-content\/uploads\/2013\/06\/7-768x576.jpg 768w\" sizes=\"auto, (max-width: 800px) 100vw, 800px\" \/><img loading=\"lazy\" decoding=\"async\" class=\" size-full wp-image-275\" src=\"https:\/\/development.skcentar.edu.rs\/wp-content\/uploads\/2013\/10\/8.jpg\" border=\"0\" alt=\"\" width=\"520\" height=\"390\" srcset=\"https:\/\/development.skcentar.edu.rs\/wp-content\/uploads\/2013\/10\/8.jpg 520w, https:\/\/development.skcentar.edu.rs\/wp-content\/uploads\/2013\/10\/8-300x225.jpg 300w\" sizes=\"auto, (max-width: 520px) 100vw, 520px\" \/><img loading=\"lazy\" decoding=\"async\" class=\" size-full wp-image-276\" src=\"https:\/\/development.skcentar.edu.rs\/wp-content\/uploads\/2013\/10\/9.jpg\" border=\"0\" alt=\"\" width=\"520\" height=\"390\" srcset=\"https:\/\/development.skcentar.edu.rs\/wp-content\/uploads\/2013\/10\/9.jpg 520w, https:\/\/development.skcentar.edu.rs\/wp-content\/uploads\/2013\/10\/9-300x225.jpg 300w\" sizes=\"auto, (max-width: 520px) 100vw, 520px\" \/><\/span><\/p>\n<p class=\"MsoNormal\" style=\"margin-bottom: 0in; line-height: normal;\"><span style=\"font-size: 14.0pt; font-family: 'Arial',sans-serif; mso-fareast-font-family: 'Times New Roman'; mso-font-kerning: 0pt; mso-ligatures: none;\"><br \/><\/span><\/p>\n<p>\u00a0<\/p>\n","protected":false},"excerpt":{"rendered":"<p>\u00a0 U nedelju 8.10.2023. od 10 do 12 sati u na\u0161oj \u0161koli je odr\u017ean jednodnevni ekolo\u0161ki i inkluzivni de\u010diji festival,<\/p>\n","protected":false},"author":1,"featured_media":913,"comment_status":"open","ping_status":"open","sticky":true,"template":"","format":"standard","meta":{"footnotes":""},"categories":[4],"tags":[],"class_list":["post-917","post","type-post","status-publish","format-standard","has-post-thumbnail","hentry","category-uncategorised"],"_links":{"self":[{"href":"https:\/\/development.skcentar.edu.rs\/index.php\/wp-json\/wp\/v2\/posts\/917","targetHints":{"allow":["GET"]}}],"collection":[{"href":"https:\/\/development.skcentar.edu.rs\/index.php\/wp-json\/wp\/v2\/posts"}],"about":[{"href":"https:\/\/development.skcentar.edu.rs\/index.php\/wp-json\/wp\/v2\/types\/post"}],"author":[{"embeddable":true,"href":"https:\/\/development.skcentar.edu.rs\/index.php\/wp-json\/wp\/v2\/users\/1"}],"replies":[{"embeddable":true,"href":"https:\/\/development.skcentar.edu.rs\/index.php\/wp-json\/wp\/v2\/comments?post=917"}],"version-history":[{"count":0,"href":"https:\/\/development.skcentar.edu.rs\/index.php\/wp-json\/wp\/v2\/posts\/917\/revisions"}],"wp:featuredmedia":[{"embeddable":true,"href":"https:\/\/development.skcentar.edu.rs\/index.php\/wp-json\/wp\/v2\/media\/913"}],"wp:attachment":[{"href":"https:\/\/development.skcentar.edu.rs\/index.php\/wp-json\/wp\/v2\/media?parent=917"}],"wp:term":[{"taxonomy":"category","embeddable":true,"href":"https:\/\/development.skcentar.edu.rs\/index.php\/wp-json\/wp\/v2\/categories?post=917"},{"taxonomy":"post_tag","embeddable":true,"href":"https:\/\/development.skcentar.edu.rs\/index.php\/wp-json\/wp\/v2\/tags?post=917"}],"curies":[{"name":"wp","href":"https:\/\/api.w.org\/{rel}","templated":true}]}}